{"id":134338,"date":"2025-10-31T18:01:18","date_gmt":"2025-10-31T18:01:18","guid":{"rendered":"https:\/\/www.europesays.com\/pt\/134338\/"},"modified":"2025-10-31T18:01:18","modified_gmt":"2025-10-31T18:01:18","slug":"carla-perez-e-xanddy-renovam-os-votos-de-casamento-em-las-vegas","status":"publish","type":"post","link":"https:\/\/www.europesays.com\/pt\/134338\/","title":{"rendered":"Carla Perez e Xanddy renovam os votos de casamento em Las Vegas"},"content":{"rendered":"<p>A dan\u00e7arina <a href=\"https:\/\/caras.com.br\/tags\/carla-perez\" rel=\"nofollow noopener\" target=\"_blank\"><strong>Carla Perez<\/strong><\/a> e o cantor <a href=\"https:\/\/caras.com.br\/tags\/xanddy\" rel=\"nofollow noopener\" target=\"_blank\"><strong>Xanddy<\/strong><\/a> renovaram os votos de casamento em Las Vegas, Estados Unidos. Eles escolheram uma das capelas da \u00e1rea tur\u00edstica da cidade para trocarem juras de amor mais uma vez.<\/p>\n<p>Os dois comemoraram as Bodas de Opala, que representa os 24 anos de casamento. Para a ocasi\u00e3o, ela usou um vestido de branco flu\u00eddo e curtinho. Por sua vez, ele apostou em um look todo branco e casual.<\/p>\n<p>Os noivos tiveram a presen\u00e7a dos filhos, <strong>Victor Alexandre<\/strong> e <strong>Camilly Victoria<\/strong>, durante a renova\u00e7\u00e3o dos votos. \u201cRenovados em Vegas. Mais uma pra conta. Voc\u00ea foi, \u00e9 e sempre ser\u00e1 o meu melhor SIM!\u201d, disse ela ao mostrar as fotos da cerim\u00f4nia.<\/p>\n<blockquote class=\"instagram-media\" style=\"background: #FFF; border: 0; border-radius: 3px; box-shadow: 0 0 1px 0 rgba(0,0,0,0.5),0 1px 10px 0 rgba(0,0,0,0.15); margin: 1px; max-width: 540px; min-width: 326px; padding: 0; width: calc(100% - 2px);\" data-instgrm-captioned=\"\" data-instgrm-permalink=\"https:\/\/www.instagram.com\/p\/DQdJ-BBDh3I\/?utm_source=ig_embed&amp;utm_campaign=loading\" data-instgrm-version=\"14\"><\/blockquote>\n<p>\t A hist\u00f3ria de amor de Carla Perez e Xanddy <\/p>\n<p>Carla Perez e Xanddy formam um dos casais mais admirados e longevos do showbiz brasileiro. Juntos desde 1999, e casados desde 2001, a ex-dan\u00e7arina do \u00c9 o Tchan e o cantor baiano constru\u00edram uma s\u00f3lida hist\u00f3ria de amor que, mesmo com os desafios da vida a dois, se mant\u00e9m firme, celebrando mais de duas d\u00e9cadas de uni\u00e3o, pautada no respeito e na cumplicidade.<\/p>\n<p>O primeiro encontro do casal aconteceu em um show do Harmonia do Samba, em Salvador, na Bahia, em 1999. Carla Perez, j\u00e1 consagrada como a \u201cLoira do Tchan\u201d, estava no auge da fama. Xanddy, \u00e0 \u00e9poca, era vocalista de um grupo que come\u00e7ava a despontar.<\/p>\n<p>Em entrevistas, o cantor relembrou a surpresa e a emo\u00e7\u00e3o de ter a ent\u00e3o namoradinha do Brasil em sua apresenta\u00e7\u00e3o. A atra\u00e7\u00e3o foi m\u00fatua e imediata. Carla teria subido ao palco para dan\u00e7ar com ele, e Xanddy sentiu que aquele momento mudaria sua vida.<\/p>\n<p>Xanddy confessou que, para ter um momento a s\u00f3s com a dan\u00e7arina ap\u00f3s o show, chegou a vetar a presen\u00e7a de sua banda inteira em um jantar para o qual Carla havia convidado o grupo. A t\u00e1tica funcionou, e o namoro engatou.<\/p>\n<p>\t O casamento do ano <\/p>\n<p>A uni\u00e3o do casal foi oficializada em 2001, em uma cerim\u00f4nia badalad\u00edssima no complexo hoteleiro Costa do Sau\u00edpe, na Bahia, que parou a imprensa na \u00e9poca. O evento foi considerado o \u201ccasamento do ano\u201d e gerou grande como\u00e7\u00e3o. Carla j\u00e1 estava gr\u00e1vida de sete meses da primog\u00eanita.<\/p>\n<p>A fam\u00edlia cresceu rapidamente com o nascimento dos dois filhos: Camilly Vict\u00f3ria e Victor Alexandre.<\/p>\n<ul>\n<li>Camilly Vict\u00f3ria: Primog\u00eanita, nascida em 2001, seguiu o caminho art\u00edstico e atualmente mora nos Estados Unidos.<\/li>\n<li>Victor Alexandre: O ca\u00e7ula, nascido em 2003, tamb\u00e9m vive nos EUA, focando em sua carreira como educador f\u00edsico e fisiculturista, mantendo uma rotina de treinos e vida saud\u00e1vel.<\/li>\n<\/ul>\n<p> Uma vida entre o Brasil e a Am\u00e9rica <\/p>\n<p>Atualmente, a fam\u00edlia reside nos Estados Unidos, mas mant\u00e9m uma agenda frequente de viagens ao Brasil devido aos compromissos de Xanddy com sua carreira musical. A mudan\u00e7a de pa\u00eds, segundo o casal, tamb\u00e9m ajudou a fortalecer a uni\u00e3o, criando um ambiente multicultural para os filhos. Recentemente, eles t\u00eam vivido a experi\u00eancia de ter os filhos adultos morando sozinhos, aproveitando a nova fase de \u201cninho vazio\u201d e se dedicando ainda mais um ao outro.<\/p>\n<p><strong>Leia tamb\u00e9m<\/strong>: <a href=\"https:\/\/caras.com.br\/atualidades\/saiba-qual-e-o-trabalho-do-filho-cacula-de-carla-perez-nos-estados-unidos.phtml\" rel=\"nofollow noopener\" target=\"_blank\">Saiba qual \u00e9 o trabalho do filho ca\u00e7ula de Carla Perez nos Estados Unidos<\/a><\/p>\n<p>        <a href=\"https:\/\/caras.com.br\/autor\/priscilla-comoti\" rel=\"nofollow noopener\" target=\"_blank\">&#13;<br \/>\n          <img loading=\"lazy\" alt=\"Priscilla Comoti\" src=\"https:\/\/www.europesays.com\/pt\/wp-content\/uploads\/2025\/10\/1761933678_2_e53883bdf02c542f6517b68879e8cb08b27a1d55c4dfd53577e47d3ab6331a06\"  class=\"avatar avatar-115 photo rounded-circle mr-3\" height=\"115\" width=\"115\" decoding=\"async\"\/>        <\/a><\/p>\n<p>Priscilla Comoti \u00e9 editora de conte\u00fado do site CARAS. Ela \u00e9 formada em jornalismo e em audiovisual, j\u00e1 passou pelos sites Contigo!, Minha Novela, TiTiTi, Mais Novela e Portal M\u00e1rcia Piovesan. Escreve sobre celebridades, not\u00edcias sobre a fam\u00edlia real brit\u00e2nica, TV, reality show e novelas.<\/p>\n<p>\t                                            <script async src=\"\/\/www.instagram.com\/embed.js\"><\/script><\/p>\n","protected":false},"excerpt":{"rendered":"A dan\u00e7arina Carla Perez e o cantor Xanddy renovaram os votos de casamento em Las Vegas, Estados Unidos.&hellip;\n","protected":false},"author":2,"featured_media":134339,"comment_status":"","ping_status":"","sticky":false,"template":"","format":"standard","meta":{"footnotes":""},"categories":[145],"tags":[16781,1435,211,210,114,115,32,33,3874,16782],"class_list":{"0":"post-134338","1":"post","2":"type-post","3":"status-publish","4":"format-standard","5":"has-post-thumbnail","7":"category-celebridades","8":"tag-carla-perez","9":"tag-casamento","10":"tag-celebridades","11":"tag-celebrities","12":"tag-entertainment","13":"tag-entretenimento","14":"tag-portugal","15":"tag-pt","16":"tag-renovacao-de-votos","17":"tag-xanddy"},"share_on_mastodon":{"url":"https:\/\/pubeurope.com\/@pt\/115470092489318348","error":""},"_links":{"self":[{"href":"https:\/\/www.europesays.com\/pt\/wp-json\/wp\/v2\/posts\/134338","targetHints":{"allow":["GET"]}}],"collection":[{"href":"https:\/\/www.europesays.com\/pt\/wp-json\/wp\/v2\/posts"}],"about":[{"href":"https:\/\/www.europesays.com\/pt\/wp-json\/wp\/v2\/types\/post"}],"author":[{"embeddable":true,"href":"https:\/\/www.europesays.com\/pt\/wp-json\/wp\/v2\/users\/2"}],"replies":[{"embeddable":true,"href":"https:\/\/www.europesays.com\/pt\/wp-json\/wp\/v2\/comments?post=134338"}],"version-history":[{"count":0,"href":"https:\/\/www.europesays.com\/pt\/wp-json\/wp\/v2\/posts\/134338\/revisions"}],"wp:featuredmedia":[{"embeddable":true,"href":"https:\/\/www.europesays.com\/pt\/wp-json\/wp\/v2\/media\/134339"}],"wp:attachment":[{"href":"https:\/\/www.europesays.com\/pt\/wp-json\/wp\/v2\/media?parent=134338"}],"wp:term":[{"taxonomy":"category","embeddable":true,"href":"https:\/\/www.europesays.com\/pt\/wp-json\/wp\/v2\/categories?post=134338"},{"taxonomy":"post_tag","embeddable":true,"href":"https:\/\/www.europesays.com\/pt\/wp-json\/wp\/v2\/tags?post=134338"}],"curies":[{"name":"wp","href":"https:\/\/api.w.org\/{rel}","templated":true}]}}