{"id":134353,"date":"2025-10-31T18:12:30","date_gmt":"2025-10-31T18:12:30","guid":{"rendered":"https:\/\/www.europesays.com\/pt\/134353\/"},"modified":"2025-10-31T18:12:30","modified_gmt":"2025-10-31T18:12:30","slug":"apos-suicidio-de-adolescente-character-ai-vai-proibir-chats-ilimitados-a-menores-de-18-anos","status":"publish","type":"post","link":"https:\/\/www.europesays.com\/pt\/134353\/","title":{"rendered":"Ap\u00f3s suic\u00eddio de adolescente, Character.AI vai proibir chats ilimitados a menores de 18 anos"},"content":{"rendered":"<p>A plataforma Character.AI anunciou uma altera\u00e7\u00e3o dr\u00e1stica na sua pol\u00edtica de utiliza\u00e7\u00e3o, impedindo que menores de 18 anos mantenham conversas ilimitadas com as suas intelig\u00eancias artificiais (IA). Esta medida surge como resposta a preocupa\u00e7\u00f5es crescentes sobre a seguran\u00e7a dos adolescentes na plataforma, na sequ\u00eancia de um tr\u00e1gico incidente.<\/p>\n<p style=\"text-align: center;\"><a target=\"_blank\" href=\"https:\/\/pplware.sapo.pt\/wp-content\/uploads\/2023\/11\/jovem_redes_sociais01.jpg\" onclick=\"refreshIframe()\" class=\"foobox\" rel=\"nofollow noopener\"><img fetchpriority=\"high\" decoding=\"async\" src=\"https:\/\/www.europesays.com\/pt\/wp-content\/uploads\/2025\/10\/jovem_redes_sociais01-1024x576.jpg\" alt=\"Jovem no smartphone\" width=\"720\" height=\"405\" class=\"alignnone size-large wp-image-960098\"  \/><\/a><\/p>\n<p>A implementa\u00e7\u00e3o das novas limita\u00e7\u00f5es pela Character.AI<\/p>\n<p>A Character.AI informou que a nova pol\u00edtica entrar\u00e1 em vigor definitivo a 25 de novembro. No entanto, a restri\u00e7\u00e3o ser\u00e1 implementada de forma faseada. A empresa come\u00e7ar\u00e1 por impor um limite di\u00e1rio de duas horas de conversa\u00e7\u00e3o para utilizadores com menos de 18 anos, que ser\u00e1 progressivamente reduzido nas pr\u00f3ximas semanas<strong> at\u00e9 \u00e0 suspens\u00e3o total do acesso ilimitado<\/strong>.<\/p>\n<p>Num <a target=\"_blank\" href=\"https:\/\/blog.character.ai\/u18-chat-announcement\/\" rel=\"nofollow noopener\">comunicado<\/a> dirigido aos utilizadores afetados, a empresa declarou:<\/p>\n<blockquote>\n<p>Aos nossos utilizadores menores de 18 anos: Compreendemos que esta \u00e9 uma mudan\u00e7a significativa. Lamentamos profundamente ter de eliminar uma funcionalidade chave da nossa plataforma.<\/p>\n<\/blockquote>\n<p>A empresa garante, contudo, estar a desenvolver &#8220;novas formas de jogar e criar com as Personagens favoritas&#8221;. A futura &#8220;experi\u00eancia para adolescentes&#8221; dever\u00e1 focar-se na criatividade, permitindo a gera\u00e7\u00e3o de v\u00eddeos, hist\u00f3rias e streams com as personagens de IA que os pr\u00f3prios utilizadores criam. Atualmente, a plataforma permite aos jovens criar personagens fict\u00edcias<strong> e participar em &#8220;cenas&#8221; interativas em mundos de fantasia<\/strong>.<\/p>\n<p style=\"text-align: center;\"><a target=\"_blank\" href=\"https:\/\/www.europesays.com\/pt\/wp-content\/uploads\/2025\/10\/character_ai.webp.webp\"><img loading=\"lazy\" decoding=\"async\" src=\"https:\/\/www.europesays.com\/pt\/wp-content\/uploads\/2025\/10\/character_ai.webp.webp\" alt=\"\" width=\"800\" height=\"450\" class=\"alignnone size-full wp-image-1085890\"  \/><\/a><\/p>\n<p>O processo legal que motivou a mudan\u00e7a<\/p>\n<p>Esta decis\u00e3o dr\u00e1stica surge na sequ\u00eancia de um processo legal movido contra a Character.AI. A m\u00e3e de um jovem de 14 anos, que tirou a pr\u00f3pria vida, processou a empresa, argumentando que uma personagem de IA<strong> ter\u00e1 alegadamente encorajado o suic\u00eddio<\/strong>.<\/p>\n<p>A acusa\u00e7\u00e3o sustenta que a Character.AI &#8220;sabia que [o produto] seria prejudicial para um n\u00famero significativo de menores, mas falhou em redesenh\u00e1-lo para amenizar esses danos ou em fornecer avisos adequados dos perigos decorrentes da utiliza\u00e7\u00e3o previs\u00edvel do seu produto&#8221;.<\/p>\n<p>Embora a empresa tenha introduzido anteriormente a funcionalidade &#8220;Parental Insights&#8221; (Perce\u00e7\u00f5es Parentais), que oferece aos encarregados de educa\u00e7\u00e3o maior transpar\u00eancia sobre a atividade dos seus filhos, a press\u00e3o legal e o escrut\u00ednio dos reguladores<strong> for\u00e7aram a ado\u00e7\u00e3o de uma abordagem mais rigorosa<\/strong>.<\/p>\n<p>Paralelamente \u00e0 restri\u00e7\u00e3o de chat, a Character.AI anunciou estar a desenvolver uma &#8220;funcionalidade de garantia de idade&#8221; para detetar e verificar a idade dos seus utilizadores. Al\u00e9m disso, ir\u00e1 estabelecer e financiar um laborat\u00f3rio de seguran\u00e7a em IA, uma organiza\u00e7\u00e3o sem fins lucrativos <strong>dedicada \u00e0 investiga\u00e7\u00e3o de formas seguras de entretenimento baseado em IA<\/strong>.<\/p>\n<blockquote>\n<p>Estamos a fazer estas altera\u00e7\u00f5es [&#8230;] em luz do panorama evolutivo em torno da IA e dos adolescentes. Vimos not\u00edcias recentes a levantar quest\u00f5es, e recebemos quest\u00f5es de reguladores, sobre o conte\u00fado que os adolescentes podem encontrar ao conversar com IA e sobre como o chat de IA aberto, em geral, pode afetar os adolescentes, mesmo quando os controlos de conte\u00fado funcionam perfeitamente.<\/p>\n<\/blockquote>\n<p>Afirmou a empresa.<\/p>\n<p style=\"text-align: center;\"><a target=\"_blank\" href=\"https:\/\/pplware.sapo.pt\/wp-content\/uploads\/2025\/10\/crianca_rapaz_adolescente_smartphone-3.jpg\" onclick=\"refreshIframe()\" class=\"foobox\" rel=\"nofollow noopener\"><img loading=\"lazy\" decoding=\"async\" src=\"https:\/\/www.europesays.com\/pt\/wp-content\/uploads\/2025\/10\/1761934350_654_crianca_rapaz_adolescente_smartphone-3-1024x576.jpg\" alt=\"\" width=\"720\" height=\"405\" class=\"alignnone size-large wp-image-1082164\"  \/><\/a><\/p>\n<p>A resposta legislativa nos EUA: The GUARD Act<\/p>\n<p>A discuss\u00e3o sobre a seguran\u00e7a dos adolescentes no contexto dos chatbots intensificou-se durante este ano. A Character.AI n\u00e3o \u00e9 um caso isolado; a OpenAI, criadora do ChatGPT, enfrenta um <a target=\"_blank\" href=\"https:\/\/pplware.sapo.pt\/informacao\/o-chatgpt-matou-o-meu-filho-pais-processam-a-openai-por-homicidio-culposo\/\" rel=\"nofollow noopener\">processo similar<\/a> <strong>relativo ao seu alegado papel no suic\u00eddio de outro menor<\/strong>.<\/p>\n<p>Em resposta, a OpenAI tamb\u00e9m implementou novos Controlos Parentais e est\u00e1 a desenvolver um sistema autom\u00e1tico de dete\u00e7\u00e3o de idade. A empresa revelou recentemente que mais de um milh\u00e3o de utilizadores falam com o ChatGPT sobre suic\u00eddio a cada semana, e que est\u00e1 a trabalhar para &#8220;refor\u00e7ar&#8221; a resposta do chatbot durante &#8220;conversas sens\u00edveis&#8221;, <strong>particularmente com jovens<\/strong>.<\/p>\n<p>Nos Estados Unidos, a press\u00e3o est\u00e1 a mover-se para o campo legislativo. Esta semana, quatro senadores introduziram o &#8220;The GUARD Act&#8221;, uma proposta de lei bipartid\u00e1ria <strong>destinada a proteger os menores de intera\u00e7\u00f5es nocivas com chatbots de IA<\/strong>.<\/p>\n<p>Se aprovada, a lei poder\u00e1 proibir &#8220;companheiros de IA&#8221; para menores, obrigar os chatbots a revelar o seu estatuto n\u00e3o-humano e criar novas tipifica\u00e7\u00f5es criminais para empresas que desenvolvam IA para menores que solicite ou produza conte\u00fado sexual.<\/p>\n<blockquote>\n<p>Os chatbots de IA representam uma amea\u00e7a s\u00e9ria para as nossas crian\u00e7as. Mais de 70% das crian\u00e7as americanas est\u00e3o agora a usar estes produtos de IA. Os chatbots desenvolvem rela\u00e7\u00f5es com crian\u00e7as usando empatia falsa e est\u00e3o a encorajar o suic\u00eddio.<\/p>\n<\/blockquote>\n<p>Afirmou o Senador Josh Hawley.<\/p>\n<p>\u00a0<\/p>\n<p><strong>Leia tamb\u00e9m:<\/strong><\/p>\n","protected":false},"excerpt":{"rendered":"A plataforma Character.AI anunciou uma altera\u00e7\u00e3o dr\u00e1stica na sua pol\u00edtica de utiliza\u00e7\u00e3o, impedindo que menores de 18 anos&hellip;\n","protected":false},"author":2,"featured_media":134354,"comment_status":"","ping_status":"","sticky":false,"template":"","format":"standard","meta":{"footnotes":""},"categories":[83],"tags":[88,23225,89,90,414,32,33],"class_list":{"0":"post-134353","1":"post","2":"type-post","3":"status-publish","4":"format-standard","5":"has-post-thumbnail","7":"category-empresas","8":"tag-business","9":"tag-character-ai","10":"tag-economy","11":"tag-empresas","12":"tag-ia","13":"tag-portugal","14":"tag-pt"},"share_on_mastodon":{"url":"https:\/\/pubeurope.com\/@pt\/115470136109901502","error":""},"_links":{"self":[{"href":"https:\/\/www.europesays.com\/pt\/wp-json\/wp\/v2\/posts\/134353","targetHints":{"allow":["GET"]}}],"collection":[{"href":"https:\/\/www.europesays.com\/pt\/wp-json\/wp\/v2\/posts"}],"about":[{"href":"https:\/\/www.europesays.com\/pt\/wp-json\/wp\/v2\/types\/post"}],"author":[{"embeddable":true,"href":"https:\/\/www.europesays.com\/pt\/wp-json\/wp\/v2\/users\/2"}],"replies":[{"embeddable":true,"href":"https:\/\/www.europesays.com\/pt\/wp-json\/wp\/v2\/comments?post=134353"}],"version-history":[{"count":0,"href":"https:\/\/www.europesays.com\/pt\/wp-json\/wp\/v2\/posts\/134353\/revisions"}],"wp:featuredmedia":[{"embeddable":true,"href":"https:\/\/www.europesays.com\/pt\/wp-json\/wp\/v2\/media\/134354"}],"wp:attachment":[{"href":"https:\/\/www.europesays.com\/pt\/wp-json\/wp\/v2\/media?parent=134353"}],"wp:term":[{"taxonomy":"category","embeddable":true,"href":"https:\/\/www.europesays.com\/pt\/wp-json\/wp\/v2\/categories?post=134353"},{"taxonomy":"post_tag","embeddable":true,"href":"https:\/\/www.europesays.com\/pt\/wp-json\/wp\/v2\/tags?post=134353"}],"curies":[{"name":"wp","href":"https:\/\/api.w.org\/{rel}","templated":true}]}}