{"id":134357,"date":"2025-10-31T18:14:09","date_gmt":"2025-10-31T18:14:09","guid":{"rendered":"https:\/\/www.europesays.com\/pt\/134357\/"},"modified":"2025-10-31T18:14:09","modified_gmt":"2025-10-31T18:14:09","slug":"colisao-entre-camioes-cria-filas-de-quilometros-na-a3-jornal-de-noticias","status":"publish","type":"post","link":"https:\/\/www.europesays.com\/pt\/134357\/","title":{"rendered":"Colis\u00e3o entre cami\u00f5es cria filas de quil\u00f3metros na A3 &#8211; Jornal de Not\u00edcias"},"content":{"rendered":"<ol>\n<li><a href=\"https:\/\/news.google.com\/rss\/articles\/CBMilwFBVV95cUxONlpLeTUyVUdZdmFGTk9FYlBaNG9LMm9TVUROVllabnlRQmY1Wjd6cFNwcXJWU0Q3ZE94S1g2NENmczBQNzV5NDlhckZ0Y08xandSMHNnNlJjY3Nfa0FUd2lQNTFtcDFnbEFEY2Y5RWV0QVRhVC1hX3VoWjVtUDBFOUZWclhNbWxkb3E1a1ZZVWtaNkNGR2800gGMAUFVX3lxTE1oNnhsZ1VoVnhtdjJOSG02bXNtZVk4OVlZMWpDZGRVYkxlS3BHamRKcUNkTDZpWC1xRlVKQkQ1T2xEd0N4NzJReXJhWG1FdEdqTy1fNk02OWZYdGJtZkxpdGNmNl94a08xZ2RTRXRXYU9hY2Z4NzhRRzJUampNaWxqZjVPalZlYjJETlpM?oc=5\" target=\"_blank\" rel=\"nofollow noopener\">Colis\u00e3o entre cami\u00f5es cria filas de quil\u00f3metros na A3<\/a>&nbsp;&nbsp;Jornal de Not\u00edcias<\/li>\n<li><a href=\"https:\/\/news.google.com\/rss\/articles\/CBMitgFBVV95cUxPc1lqWkpzVnhHMmJ3NnNxaVdZa1RZekpYa3VHZ0IzdVBrZ0hQV05BVFVMRlZBamstR1pPX2RtQXdFNU9KS0MwOE9TS2RSelZ0N0JmdExoOU1MS2JGcUZZWlg5MzcyRUMtRC1QT1gxUThoNEYtajZpdzNZNzdSdkVHRFR2dEVOWFdLdXlZWFlkVGFOdjRENm11bERIeHJxdk4tV3dIUGFOQU9zVXhyLTBEMWJuRnN4Zw?oc=5\" target=\"_blank\" rel=\"nofollow noopener\">A3 cortada ao tr\u00e2nsito no sentido norte-sul junto a Santo Tirso devido a acidente<\/a>&nbsp;&nbsp;Observador<\/li>\n<li><a href=\"https:\/\/news.google.com\/rss\/articles\/CBMilgFBVV95cUxOTENiaVRlcGV5d0hrTHUyOUh5ekJ4eW1uOGZyLXZJZTZGVUtkd0lVZEZaR3BOcE1ESU5NREVqWUwzNXdvUWROOUVtd3U5SzAyU3RWaHdtbVoxc0dtU1lrZE42aXI0UEd1Vm5zbXBJbk03amhsRXc1Q2pORXBIenduYUh3TkNhU2lCTGFRZHNZbUhucC1iLUE?oc=5\" target=\"_blank\" rel=\"nofollow noopener\">Colis\u00e3o entre dois cami\u00f5es corta A3 em Santo Tirso<\/a>&nbsp;&nbsp;Correio da Manh\u00e3<\/li>\n<li><a href=\"https:\/\/news.google.com\/rss\/articles\/CBMic0FVX3lxTE9NWm9WaFMyODU3Q251eWltTUhwVUZxZmRFM1o1VnVOclZJZDgzTXB2bjBnLUVqNjNGUk5QamdFaTlvZW5MWWltTERWSHhuYlNXWEhQVENSYWkwV19mSnBuclgtSHJEUS1KcmNqWGctcGhGbms?oc=5\" target=\"_blank\" rel=\"nofollow noopener\">A3: Acidente a envolver dois cami\u00f5es faz um ferido<\/a>&nbsp;&nbsp;e24.pt<\/li>\n<li><a href=\"https:\/\/news.google.com\/rss\/articles\/CBMijAFBVV95cUxQeFVhTFFqRUxIYzlPTm9fS2d2blAwREFlMHdvRkVBU2podUQxUy1WeUpSSkZnbXdyRjdYVXVXU1dwWG9WT3g0MEFKbzd0MnVyMVA0S3ZoWm0xWWJXcmNNMGZhMVVMUE1RQ1ZNak9hLTl0eFYyUWgwRHBDaks0TGFnRjRTakhEYXZBa1k1SQ?oc=5\" target=\"_blank\" rel=\"nofollow noopener\">Colis\u00e3o entre dois cami\u00f5es na A3 provoca um ferido<\/a>&nbsp;&nbsp;R\u00e1dio Vale do Minho<\/li>\n<\/ol>\n","protected":false},"excerpt":{"rendered":"Colis\u00e3o entre cami\u00f5es cria filas de quil\u00f3metros na A3&nbsp;&nbsp;Jornal de Not\u00edcias A3 cortada ao tr\u00e2nsito no sentido norte-sul&hellip;\n","protected":false},"author":2,"featured_media":134358,"comment_status":"","ping_status":"","sticky":false,"template":"","format":"standard","meta":{"footnotes":""},"categories":[10],"tags":[59,27,28,21351,15,16,14,25,26,21,22,12,13,19,20,32,23,24,33,17,18,29,30,31],"class_list":{"0":"post-134357","1":"post","2":"type-post","3":"status-publish","4":"format-standard","5":"has-post-thumbnail","7":"category-portugal","8":"tag-acidente","9":"tag-breaking-news","10":"tag-breakingnews","11":"tag-concelho-trofa","12":"tag-featured-news","13":"tag-featurednews","14":"tag-headlines","15":"tag-latest-news","16":"tag-latestnews","17":"tag-main-news","18":"tag-mainnews","19":"tag-news","20":"tag-noticias","21":"tag-noticias-principais","22":"tag-noticiasprincipais","23":"tag-portugal","24":"tag-principais-noticias","25":"tag-principaisnoticias","26":"tag-pt","27":"tag-top-stories","28":"tag-topstories","29":"tag-ultimas","30":"tag-ultimas-noticias","31":"tag-ultimasnoticias"},"share_on_mastodon":{"url":"https:\/\/pubeurope.com\/@pt\/115470143754112044","error":""},"_links":{"self":[{"href":"https:\/\/www.europesays.com\/pt\/wp-json\/wp\/v2\/posts\/134357","targetHints":{"allow":["GET"]}}],"collection":[{"href":"https:\/\/www.europesays.com\/pt\/wp-json\/wp\/v2\/posts"}],"about":[{"href":"https:\/\/www.europesays.com\/pt\/wp-json\/wp\/v2\/types\/post"}],"author":[{"embeddable":true,"href":"https:\/\/www.europesays.com\/pt\/wp-json\/wp\/v2\/users\/2"}],"replies":[{"embeddable":true,"href":"https:\/\/www.europesays.com\/pt\/wp-json\/wp\/v2\/comments?post=134357"}],"version-history":[{"count":0,"href":"https:\/\/www.europesays.com\/pt\/wp-json\/wp\/v2\/posts\/134357\/revisions"}],"wp:featuredmedia":[{"embeddable":true,"href":"https:\/\/www.europesays.com\/pt\/wp-json\/wp\/v2\/media\/134358"}],"wp:attachment":[{"href":"https:\/\/www.europesays.com\/pt\/wp-json\/wp\/v2\/media?parent=134357"}],"wp:term":[{"taxonomy":"category","embeddable":true,"href":"https:\/\/www.europesays.com\/pt\/wp-json\/wp\/v2\/categories?post=134357"},{"taxonomy":"post_tag","embeddable":true,"href":"https:\/\/www.europesays.com\/pt\/wp-json\/wp\/v2\/tags?post=134357"}],"curies":[{"name":"wp","href":"https:\/\/api.w.org\/{rel}","templated":true}]}}