{"id":134365,"date":"2025-10-31T18:19:20","date_gmt":"2025-10-31T18:19:20","guid":{"rendered":"https:\/\/www.europesays.com\/pt\/134365\/"},"modified":"2025-10-31T18:19:20","modified_gmt":"2025-10-31T18:19:20","slug":"cristina-ferreira-faz-esclarecimento-sobre-o-secret-story-9-qualquer-ataque-sou-eu-que-recebo-mas-nos-somos-uma-equipa-de-cento-e-tal-pessoas-dois-as-10","status":"publish","type":"post","link":"https:\/\/www.europesays.com\/pt\/134365\/","title":{"rendered":"Cristina Ferreira faz esclarecimento sobre o \u00abSecret Story 9\u00bb: \u00abQualquer ataque sou eu que recebo, mas n\u00f3s somos uma equipa de cento e tal pessoas\u00bb &#8211; Dois \u00e0s 10"},"content":{"rendered":"<p>No <a href=\"https:\/\/tvi.iol.pt\/doisas10\/\" rel=\"nofollow noopener\" target=\"_blank\">\u00abDois \u00e0s 10\u00bb<\/a>, abrimos as portas \u00e0 an\u00e1lise do reality show do momento: o \u00abSecret Story 9\u00bb. \u00c9 dia de ficarmos a par de tudo o que tem acontecido dentro da casa e de comentar as estrat\u00e9gias, as pol\u00e9micas e os momentos mais marcantes dos concorrentes. Para isso, contamos com a companhia dos nossos queridos comentadores Lu\u00edsa Castel-Branco, Gon\u00e7alo Quinaz e Cinha Jardim, que trazem sempre perspetivas \u00fanicas, boa disposi\u00e7\u00e3o e muitas opini\u00f5es sobre esta edi\u00e7\u00e3o do jogo da vida real.<\/p>\n","protected":false},"excerpt":{"rendered":"No \u00abDois \u00e0s 10\u00bb, abrimos as portas \u00e0 an\u00e1lise do reality show do momento: o \u00abSecret Story 9\u00bb.&hellip;\n","protected":false},"author":2,"featured_media":134366,"comment_status":"","ping_status":"","sticky":false,"template":"","format":"standard","meta":{"footnotes":""},"categories":[142],"tags":[329,166,3412,3406,3409,801,3410,3411,3407,3408,114,115,3413,338,32,33,16686,151],"class_list":{"0":"post-134365","1":"post","2":"type-post","3":"status-publish","4":"format-standard","5":"has-post-thumbnail","7":"category-tv","8":"tag-claudio-ramos","9":"tag-cristina-ferreira","10":"tag-dois-10","11":"tag-dois-a-s-10-dois-a-s-10","12":"tag-dois-a-s-dez","13":"tag-dois-as-10","14":"tag-dois-as-dez","15":"tag-dois-dez","16":"tag-doisas10","17":"tag-doisasdez","18":"tag-entertainment","19":"tag-entretenimento","20":"tag-manha-tvi","21":"tag-maria-botelho-moniz","22":"tag-portugal","23":"tag-pt","24":"tag-secret-story-9","25":"tag-tv"},"share_on_mastodon":{"url":"https:\/\/pubeurope.com\/@pt\/115470163411473813","error":""},"_links":{"self":[{"href":"https:\/\/www.europesays.com\/pt\/wp-json\/wp\/v2\/posts\/134365","targetHints":{"allow":["GET"]}}],"collection":[{"href":"https:\/\/www.europesays.com\/pt\/wp-json\/wp\/v2\/posts"}],"about":[{"href":"https:\/\/www.europesays.com\/pt\/wp-json\/wp\/v2\/types\/post"}],"author":[{"embeddable":true,"href":"https:\/\/www.europesays.com\/pt\/wp-json\/wp\/v2\/users\/2"}],"replies":[{"embeddable":true,"href":"https:\/\/www.europesays.com\/pt\/wp-json\/wp\/v2\/comments?post=134365"}],"version-history":[{"count":0,"href":"https:\/\/www.europesays.com\/pt\/wp-json\/wp\/v2\/posts\/134365\/revisions"}],"wp:featuredmedia":[{"embeddable":true,"href":"https:\/\/www.europesays.com\/pt\/wp-json\/wp\/v2\/media\/134366"}],"wp:attachment":[{"href":"https:\/\/www.europesays.com\/pt\/wp-json\/wp\/v2\/media?parent=134365"}],"wp:term":[{"taxonomy":"category","embeddable":true,"href":"https:\/\/www.europesays.com\/pt\/wp-json\/wp\/v2\/categories?post=134365"},{"taxonomy":"post_tag","embeddable":true,"href":"https:\/\/www.europesays.com\/pt\/wp-json\/wp\/v2\/tags?post=134365"}],"curies":[{"name":"wp","href":"https:\/\/api.w.org\/{rel}","templated":true}]}}