{"id":134385,"date":"2025-10-31T18:31:20","date_gmt":"2025-10-31T18:31:20","guid":{"rendered":"https:\/\/www.europesays.com\/pt\/134385\/"},"modified":"2025-10-31T18:31:20","modified_gmt":"2025-10-31T18:31:20","slug":"ape-de-81-m%c2%b2-tem-roupeiro-cristaleira-na-cozinha-e-casinha-de-gato-no-banheiro","status":"publish","type":"post","link":"https:\/\/www.europesays.com\/pt\/134385\/","title":{"rendered":"Ap\u00ea de 81 m\u00b2 tem roupeiro, cristaleira na cozinha e casinha de gato no banheiro"},"content":{"rendered":"<p>Localizado no Alto do Ipiranga, em S\u00e3o Paulo, este apartamento de <strong>81 m\u00b2<\/strong> com uma <a href=\"https:\/\/casa.abril.com.br\/tudo-sobre\/varanda\" rel=\"nofollow noopener\" target=\"_blank\">varanda<\/a> desproporcionalmente grande serviu como ponto de partida para um projeto que aposta na <a href=\"https:\/\/casa.abril.com.br\/tudo-sobre\/ambientes-integrados\" target=\"_blank\" rel=\"noopener nofollow\">integra\u00e7\u00e3o<\/a>, funcionalidade e bem-estar. Assinado pela <a href=\"https:\/\/www.instagram.com\/gouparquitetura\/\" target=\"_blank\" rel=\"noopener nofollow\">Go Up Arquitetura<\/a>, o espa\u00e7o foi totalmente repensado para refletir a personalidade dos moradores: um casal jovem, soci\u00e1vel e apaixonado por receber.<\/p>\n<p>    <img loading=\"lazy\" decoding=\"async\" alt=\"Ap\u00ea de 81 m\u00b2 tem roupeiro, cristaleira na cozinha e casinha de gato no banheiro. Projeto de Go Up Arquitetura.\" class=\"alignnone size-large wp-image-513538\" src=\"https:\/\/www.europesays.com\/pt\/wp-content\/uploads\/2025\/10\/ape-de-81-m-tem-roupeiro-cristaleira-na-cozinha-e-casinha-de-gato-no-banheiro-go-up-arquitetura-10-s.jpeg\" border=\"0\" title=\"ape-de-81-m-tem-roupeiro-cristaleira-na-cozinha-e-casinha-de-gato-no-banheiro-go-up-arquitetura-10-sala\" width=\"1024\" height=\"694\" data-restrict=\"false\" data-portal-copyright=\"Robson Figueiredo\" data-image-caption=\"\" data-image-title=\"\" data-image-source=\"Divulga\u00e7\u00e3o\"\/><br \/>\n     \u2013 (Robson Figueiredo\/Divulga\u00e7\u00e3o)<\/p>\n<p>Em vez de encarar a planta original como um desafio, o escrit\u00f3rio viu ali uma oportunidade. A <a href=\"https:\/\/casa.abril.com.br\/tudo-sobre\/varandas-e-terracos\" target=\"_blank\" rel=\"noopener nofollow\">varanda<\/a>, antes isolada, tornou-se protagonista ao ser incorporada \u00e0 \u00e1rea social do apartamento. A integra\u00e7\u00e3o entre sala, cozinha, varanda e \u00e1rea de servi\u00e7o n\u00e3o s\u00f3 ampliou visualmente os espa\u00e7os, como tamb\u00e9m favoreceu a conviv\u00eancia e a circula\u00e7\u00e3o.<\/p>\n<p>    <img loading=\"lazy\" decoding=\"async\" alt=\"Ap\u00ea de 81 m\u00b2 tem roupeiro, cristaleira na cozinha e casinha de gato no banheiro. Projeto de Go Up Arquitetura.\" class=\"alignnone size-large wp-image-513533\" src=\"https:\/\/www.europesays.com\/pt\/wp-content\/uploads\/2025\/10\/ape-de-81-m-tem-roupeiro-cristaleira-na-cozinha-e-casinha-de-gato-no-banheiro-go-up-arquitetura-05-c.jpeg\" border=\"0\" title=\"ape-de-81-m-tem-roupeiro-cristaleira-na-cozinha-e-casinha-de-gato-no-banheiro-go-up-arquitetura-05-cozinha-azul\" width=\"666\" height=\"1024\" data-restrict=\"false\" data-portal-copyright=\"Robson Figueiredo\" data-image-caption=\"\" data-image-title=\"\" data-image-source=\"Divulga\u00e7\u00e3o\"\/><br \/>\n     \u2013 (Robson Figueiredo\/Divulga\u00e7\u00e3o)<\/p>\n<p>A antiga \u00e1rea de servi\u00e7o foi realocada, abrindo espa\u00e7o para uma<strong><a href=\"https:\/\/casa.abril.com.br\/tudo-sobre\/cozinhas\" target=\"_blank\" rel=\"noopener nofollow\"> cozinha<\/a> com duas ilhas centrais<\/strong>, que organizam as fun\u00e7\u00f5es e promovem o uso social. Uma delas conecta-se \u00e0 <strong>mesa de jantar<\/strong>; a outra <strong>se alinha ao sof\u00e1 da sala<\/strong>, separada apenas por um <strong>anteparo em vidro canelado<\/strong>, elemento que refor\u00e7a a leveza e transpar\u00eancia da proposta.<\/p>\n<p>    <img loading=\"lazy\" decoding=\"async\" alt=\"Ap\u00ea de 81 m\u00b2 tem roupeiro, cristaleira na cozinha e casinha de gato no banheiro. Projeto de Go Up Arquitetura.\" class=\"alignnone size-large wp-image-513544\" src=\"https:\/\/www.europesays.com\/pt\/wp-content\/uploads\/2025\/10\/ape-de-81-m-tem-roupeiro-cristaleira-na-cozinha-e-casinha-de-gato-no-banheiro-go-up-arquitetura-16.j.jpeg\" border=\"0\" title=\"ape-de-81-m-tem-roupeiro-cristaleira-na-cozinha-e-casinha-de-gato-no-banheiro-go-up-arquitetura-16\" width=\"683\" height=\"1024\" data-restrict=\"false\" data-portal-copyright=\"Robson Figueiredo\" data-image-caption=\"\" data-image-title=\"\" data-image-source=\"Divulga\u00e7\u00e3o\"\/><br \/>\n     \u2013 (Robson Figueiredo\/Divulga\u00e7\u00e3o)<\/p>\n<p>    Continua ap\u00f3s a publicidade<\/p>\n<p>A escolha por um \u00fanico <strong><a href=\"https:\/\/casa.abril.com.br\/tudo-sobre\/revestimento\" rel=\"nofollow noopener\" target=\"_blank\">revestimento<\/a> ciment\u00edcio<\/strong> em todo o piso da cozinha \u00e0 varanda, garante continuidade visual e sensa\u00e7\u00e3o de amplitude. Detalhes t\u00e9cnicos tamb\u00e9m foram cuidadosamente resolvidos, como o reposicionamento do aquecedor de passagem, agora oculto junto ao shaft t\u00e9cnico, e a instala\u00e7\u00e3o de<strong> prateleiras suspensas com cantos arredondados<\/strong>, que conferem movimento e funcionalidade.<\/p>\n<p>    <img loading=\"lazy\" decoding=\"async\" alt=\"Ap\u00ea de 81 m\u00b2 tem roupeiro, cristaleira na cozinha e casinha de gato no banheiro. Projeto de Go Up Arquitetura.\" class=\"alignnone size-large wp-image-513540\" src=\"https:\/\/www.europesays.com\/pt\/wp-content\/uploads\/2025\/10\/ape-de-81-m-tem-roupeiro-cristaleira-na-cozinha-e-casinha-de-gato-no-banheiro-go-up-arquitetura-12-b.jpeg\" border=\"0\" title=\"ape-de-81-m-tem-roupeiro-cristaleira-na-cozinha-e-casinha-de-gato-no-banheiro-go-up-arquitetura-12-banco-hall-entrada\" width=\"683\" height=\"1024\" data-restrict=\"false\" data-portal-copyright=\"Robson Figueiredo\" data-image-caption=\"\" data-image-title=\"\" data-image-source=\"Divulga\u00e7\u00e3o\"\/><br \/>\n     \u2013 (Robson Figueiredo\/Divulga\u00e7\u00e3o)<\/p>\n<p>O contraste entre a <strong><a href=\"https:\/\/casa.abril.com.br\/tudo-sobre\/marcenaria\" target=\"_blank\" rel=\"noopener nofollow\">marcenaria<\/a> em azul petr\u00f3leo<\/strong> e a <strong>base neutra do <a href=\"https:\/\/casa.abril.com.br\/tudo-sobre\/porcelanato\" rel=\"nofollow noopener\" target=\"_blank\">porcelanato<\/a> ciment\u00edcio<\/strong> revela o car\u00e1ter sofisticado e ao mesmo tempo acolhedor do projeto. O mesmo<strong> porcelanato marmorizado<\/strong> aparece nas bancadas, criando unidade est\u00e9tica e longevidade visual.<\/p>\n<p>    <img loading=\"lazy\" decoding=\"async\" alt=\"Ap\u00ea de 81 m\u00b2 tem roupeiro, cristaleira na cozinha e casinha de gato no banheiro. Projeto de Go Up Arquitetura.\" class=\"alignnone size-large wp-image-513542\" src=\"https:\/\/www.europesays.com\/pt\/wp-content\/uploads\/2025\/10\/ape-de-81-m-tem-roupeiro-cristaleira-na-cozinha-e-casinha-de-gato-no-banheiro-go-up-arquitetura-14-s.jpeg\" border=\"0\" title=\"ape-de-81-m-tem-roupeiro-cristaleira-na-cozinha-e-casinha-de-gato-no-banheiro-go-up-arquitetura-14-sala-jantar\" width=\"1024\" height=\"683\" data-restrict=\"false\" data-portal-copyright=\"Robson Figueiredo\" data-image-caption=\"\" data-image-title=\"\" data-image-source=\"Divulga\u00e7\u00e3o\"\/><br \/>\n     \u2013 (Robson Figueiredo\/Divulga\u00e7\u00e3o)<\/p>\n<p>    Continua ap\u00f3s a publicidade<\/p>\n<p>Pensando no layout, o <strong>rack desenhado sob medida<\/strong> percorre toda a extens\u00e3o da sala e <strong>se transforma em banco de apoio<\/strong> junto \u00e0 mesa de jantar, que tem formato org\u00e2nico para refor\u00e7ar a fluidez dos espa\u00e7os. Logo na entrada, a <a href=\"https:\/\/casa.abril.com.br\/moveis-acessorios\/cristaleiras-como-usar-estilos-modelos-em-madeira-vidro-serralheria\/\" target=\"_blank\" rel=\"noopener nofollow\">cristaleira<\/a> com portas caneladas e <a href=\"https:\/\/casa.abril.com.br\/tudo-sobre\/iluminacao\" rel=\"nofollow noopener\" target=\"_blank\">ilumina\u00e7\u00e3o<\/a> interna divide o protagonismo com a chapelaria, definindo a atmosfera do apartamento: leve, elegante, sem excessos.<\/p>\n<p>    <img loading=\"lazy\" decoding=\"async\" alt=\"Ap\u00ea de 81 m\u00b2 tem roupeiro, cristaleira na cozinha e casinha de gato no banheiro. Projeto de Go Up Arquitetura.\" class=\"alignnone size-large wp-image-513547\" src=\"https:\/\/www.europesays.com\/pt\/wp-content\/uploads\/2025\/10\/ape-de-81-m-tem-roupeiro-cristaleira-na-cozinha-e-casinha-de-gato-no-banheiro-go-up-arquitetura-19-q.jpeg\" border=\"0\" title=\"ape-de-81-m-tem-roupeiro-cristaleira-na-cozinha-e-casinha-de-gato-no-banheiro-go-up-arquitetura-19-quarto-rosa\" width=\"1024\" height=\"683\" data-restrict=\"false\" data-portal-copyright=\"Robson Figueiredo\" data-image-caption=\"\" data-image-title=\"\" data-image-source=\"Divulga\u00e7\u00e3o\"\/><br \/>\n     \u2013 (Robson Figueiredo\/Divulga\u00e7\u00e3o)<\/p>\n<p>Na \u00e1rea \u00edntima, a planta foi adaptada \u00e0 realidade dos moradores, que n\u00e3o t\u00eam filhos. A segunda su\u00edte deu lugar ao <a href=\"https:\/\/casa.abril.com.br\/tudo-sobre\/banheiros\" target=\"_blank\" rel=\"noopener nofollow\">banheiro social<\/a>, tamb\u00e9m projetado para atender ao gato da casa.<\/p>\n<p>    <img loading=\"lazy\" decoding=\"async\" alt=\"Ap\u00ea de 81 m\u00b2 tem roupeiro, cristaleira na cozinha e casinha de gato no banheiro. Projeto de Go Up Arquitetura.\" class=\"alignnone size-large wp-image-513536\" src=\"https:\/\/www.europesays.com\/pt\/wp-content\/uploads\/2025\/10\/ape-de-81-m-tem-roupeiro-cristaleira-na-cozinha-e-casinha-de-gato-no-banheiro-go-up-arquitetura-08-b.jpeg\" border=\"0\" title=\"ape-de-81-m-tem-roupeiro-cristaleira-na-cozinha-e-casinha-de-gato-no-banheiro-go-up-arquitetura-08-banheiro\" width=\"589\" height=\"1024\" data-restrict=\"false\" data-portal-copyright=\"Robson Figueiredo\" data-image-caption=\"\" data-image-title=\"\" data-image-source=\"Divulga\u00e7\u00e3o\"\/><br \/>\n     \u2013 (Robson Figueiredo\/Divulga\u00e7\u00e3o)<\/p>\n<p>    Continua ap\u00f3s a publicidade<\/p>\n<p>Um m\u00f3vel foi <strong>projetado especialmente para ele<\/strong>, com abertura no<strong> formato de casinha embutida no gabinete<\/strong>, garantindo est\u00e9tica e funcionalidade. Al\u00e9m disso, a realoca\u00e7\u00e3o de portas permitiu a cria\u00e7\u00e3o de um<strong> roupeiro no corredor<\/strong>, liberando espa\u00e7o e otimizando o uso da \u00e1rea de circula\u00e7\u00e3o.<\/p>\n<p>    <img loading=\"lazy\" decoding=\"async\" alt=\"Ap\u00ea de 81 m\u00b2 tem roupeiro, cristaleira na cozinha e casinha de gato no banheiro. Projeto de Go Up Arquitetura.\" class=\"alignnone size-large wp-image-513550\" src=\"https:\/\/www.europesays.com\/pt\/wp-content\/uploads\/2025\/10\/ape-de-81-m-tem-roupeiro-cristaleira-na-cozinha-e-casinha-de-gato-no-banheiro-go-up-arquitetura-22-h.jpeg\" border=\"0\" title=\"ape-de-81-m-tem-roupeiro-cristaleira-na-cozinha-e-casinha-de-gato-no-banheiro-go-up-arquitetura-22-home-office\" width=\"1024\" height=\"715\" data-restrict=\"false\" data-portal-copyright=\"Robson Figueiredo\" data-image-caption=\"\" data-image-title=\"\" data-image-source=\"Divulga\u00e7\u00e3o\"\/><br \/>\n     \u2013 (Robson Figueiredo\/Divulga\u00e7\u00e3o)<\/p>\n<p>J\u00e1 no escrit\u00f3rio, acomoda <strong>duas esta\u00e7\u00f5es de trabalho<\/strong>, al\u00e9m de sof\u00e1-cama e arm\u00e1rio de apoio, funcionando tamb\u00e9m como <a href=\"https:\/\/casa.abril.com.br\/tudo-sobre\/quartos\/\" rel=\"nofollow noopener\" target=\"_blank\">quarto<\/a> de h\u00f3spedes. No quarto do casal, a <strong>cabeceira ripada branca<\/strong> se estende pela parede e encontra uma faixa em tom ros\u00e9 suave, acompanhada por um arm\u00e1rio na mesma linguagem, criando uma atmosfera calma e acolhedora.<\/p>\n<p>    <img loading=\"lazy\" decoding=\"async\" alt=\"Ap\u00ea de 81 m\u00b2 tem roupeiro, cristaleira na cozinha e casinha de gato no banheiro. Projeto de Go Up Arquitetura.\" class=\"alignnone size-large wp-image-513549\" src=\"https:\/\/www.europesays.com\/pt\/wp-content\/uploads\/2025\/10\/ape-de-81-m-tem-roupeiro-cristaleira-na-cozinha-e-casinha-de-gato-no-banheiro-go-up-arquitetura-21-q.jpeg\" border=\"0\" title=\"ape-de-81-m-tem-roupeiro-cristaleira-na-cozinha-e-casinha-de-gato-no-banheiro-go-up-arquitetura-21-quarto-gato\" width=\"683\" height=\"1024\" data-restrict=\"false\" data-portal-copyright=\"Robson Figueiredo\" data-image-caption=\"\" data-image-title=\"\" data-image-source=\"Divulga\u00e7\u00e3o\"\/><br \/>\n     \u2013 (Robson Figueiredo\/Divulga\u00e7\u00e3o)<\/p>\n<p>    Continua ap\u00f3s a publicidade<\/p>\n<p>Newsletter<\/p>\n<p>\n                            Dicas, inspira\u00e7\u00f5es e not\u00edcias sobre decora\u00e7\u00e3o, arquitetura, jardinagem e organiza\u00e7\u00e3o para sua casa. Quem mora, precisa!<br \/>\n                                <strong><br \/>\n                                    Inscreva-se aqui<br \/>\n                                <\/strong>para receber a nossa newsletter<\/p>\n<p>                            Cadastro efetuado com sucesso!<\/p>\n<p>Voc\u00ea receber\u00e1 nossa newsletter em breve.<\/p>\n<p>\t\t\t\t\t\t\t\t\t\t\t\t\t\t\t\t\t\t\t\t\t\t\t\t\t\t\t\t\t\t\t\t\t\t\t\t\t\t\t\t\t\t\t\t\t\t\t\t\t\t\t\t\t\t\t\t\t\t\t\t\t\t\t\t\t\t\t\t\t\t\t\t\t\t\t\t\t\t\t\t\t\t\t\t\t\t\t\t\t\t\t\t\t\t\t\t\t\t\t\t\t\t\t\t\t\t\t\t\t\t\t\t\t\t\t\t\t\t\t\t\t\t\t\t\t\t\t\t\t\t\t\t\t\t\t\t\t\t\t\t\t\t\t\t\t\t\t\t\t<script async src=\"\/\/www.instagram.com\/embed.js\"><\/script><\/p>\n","protected":false},"excerpt":{"rendered":"Localizado no Alto do Ipiranga, em S\u00e3o Paulo, este apartamento de 81 m\u00b2 com uma varanda desproporcionalmente grande&hellip;\n","protected":false},"author":2,"featured_media":134386,"comment_status":"","ping_status":"","sticky":false,"template":"","format":"standard","meta":{"footnotes":""},"categories":[144],"tags":[207,205,206,203,201,202,204,114,115,32,33],"class_list":{"0":"post-134385","1":"post","2":"type-post","3":"status-publish","4":"format-standard","5":"has-post-thumbnail","7":"category-arte-e-design","8":"tag-arte","9":"tag-arte-e-design","10":"tag-artedesign","11":"tag-arts","12":"tag-arts-and-design","13":"tag-artsanddesign","14":"tag-design","15":"tag-entertainment","16":"tag-entretenimento","17":"tag-portugal","18":"tag-pt"},"share_on_mastodon":{"url":"https:\/\/pubeurope.com\/@pt\/115470210633487534","error":""},"_links":{"self":[{"href":"https:\/\/www.europesays.com\/pt\/wp-json\/wp\/v2\/posts\/134385","targetHints":{"allow":["GET"]}}],"collection":[{"href":"https:\/\/www.europesays.com\/pt\/wp-json\/wp\/v2\/posts"}],"about":[{"href":"https:\/\/www.europesays.com\/pt\/wp-json\/wp\/v2\/types\/post"}],"author":[{"embeddable":true,"href":"https:\/\/www.europesays.com\/pt\/wp-json\/wp\/v2\/users\/2"}],"replies":[{"embeddable":true,"href":"https:\/\/www.europesays.com\/pt\/wp-json\/wp\/v2\/comments?post=134385"}],"version-history":[{"count":0,"href":"https:\/\/www.europesays.com\/pt\/wp-json\/wp\/v2\/posts\/134385\/revisions"}],"wp:featuredmedia":[{"embeddable":true,"href":"https:\/\/www.europesays.com\/pt\/wp-json\/wp\/v2\/media\/134386"}],"wp:attachment":[{"href":"https:\/\/www.europesays.com\/pt\/wp-json\/wp\/v2\/media?parent=134385"}],"wp:term":[{"taxonomy":"category","embeddable":true,"href":"https:\/\/www.europesays.com\/pt\/wp-json\/wp\/v2\/categories?post=134385"},{"taxonomy":"post_tag","embeddable":true,"href":"https:\/\/www.europesays.com\/pt\/wp-json\/wp\/v2\/tags?post=134385"}],"curies":[{"name":"wp","href":"https:\/\/api.w.org\/{rel}","templated":true}]}}