{"id":134393,"date":"2025-10-31T18:39:23","date_gmt":"2025-10-31T18:39:23","guid":{"rendered":"https:\/\/www.europesays.com\/pt\/134393\/"},"modified":"2025-10-31T18:39:23","modified_gmt":"2025-10-31T18:39:23","slug":"cientistas-observam-placa-tectonica-se-despedacando-no-oceano","status":"publish","type":"post","link":"https:\/\/www.europesays.com\/pt\/134393\/","title":{"rendered":"Cientistas observam placa tect\u00f4nica se despeda\u00e7ando no oceano"},"content":{"rendered":"<p data-start=\"382\" data-end=\"631\">Imagine a crosta da <a href=\"https:\/\/www.correiobraziliense.com.br\/tags\/terra\/\" target=\"_blank\" rel=\"nofollow noopener\">Terra<\/a> como um gigantesco quebra-cabe\u00e7a. As pe\u00e7as s\u00e3o as <a href=\"https:\/\/www.correiobraziliense.com.br\/tags\/placa-tectonica\/page\/1\/\" target=\"_blank\" rel=\"nofollow noopener\">placas tect\u00f4nicas<\/a>, enormes blocos de rocha que se movem lentamente, colidem e mergulham umas sob as outras. \u00c9 nesse movimento que nascem <a href=\"https:\/\/www.correiobraziliense.com.br\/tags\/montanhas\/\" target=\"_blank\" rel=\"nofollow noopener\">montanhas<\/a>, <a href=\"https:\/\/www.correiobraziliense.com.br\/tags\/vulcao\/\" target=\"_blank\" rel=\"nofollow noopener\">vulc\u00f5es <\/a>e <a href=\"https:\/\/www.correiobraziliense.com.br\/tags\/terremoto\/\" target=\"_blank\" rel=\"nofollow noopener\">terremotos<\/a>.<\/p>\n<p data-start=\"633\" data-end=\"920\">Agora, pela primeira vez, cientistas registraram uma dessas pe\u00e7as literalmente se rasgando em peda\u00e7os sob o oceano. O achado foi publicado nesta semana na revista <a href=\"https:\/\/www.sciencedaily.com\/releases\/2025\/10\/251025084611.htm\" target=\"_blank\" rel=\"nofollow noopener\">Science Advances e liderado por pesquisadores da Universidade Estadual da Louisiana (LSU), nos Estados Unidos<\/a>.<\/p>\n<p class=\"texto\"><strong><a href=\"https:\/\/whatsapp.com\/channel\/0029VaB1U9a002T64ex1Sy2w\" target=\"_blank\" rel=\"nofollow noopener\">Siga o canal do Correio no WhatsApp e receba as principais not\u00edcias do dia no seu celular<\/a><\/strong><\/p>\n<p data-start=\"966\" data-end=\"1115\">O estudo mostra um processo que nunca havia sido visto antes: a \u201cmorte\u201d lenta de uma zona de subduc\u00e7\u00e3o, uma das engrenagens que movem o planeta.<\/p>\n<p data-start=\"1117\" data-end=\"1366\">Essas zonas s\u00e3o os locais onde uma placa tect\u00f4nica, geralmente oce\u00e2nica, mergulha sob outra. Elas s\u00e3o respons\u00e1veis por alguns dos fen\u00f4menos mais poderosos da Terra, como grandes terremotos, erup\u00e7\u00f5es vulc\u00e2nicas e a reciclagem da crosta terrestre.<\/p>\n<p>Onde isso est\u00e1 acontecendo<\/p>\n<p data-start=\"1407\" data-end=\"1717\">A descoberta foi feita na regi\u00e3o de Cascadia, na costa do Pac\u00edfico Noroeste, perto da Ilha de Vancouver, no Canad\u00e1. Ali, as placas Juan de Fuca e Explorer est\u00e3o lentamente mergulhando sob a placa norte-americana, um processo que os cientistas agora perceberam que est\u00e1 chegando ao fim.<\/p>\n<p data-start=\"1719\" data-end=\"1996\">Usando uma t\u00e9cnica chamada imagem s\u00edsmica de reflex\u00e3o, que funciona como um ultrassom do interior da Terra, os pesquisadores criaram um retrato detalhado do que acontece abaixo do fundo do mar. O resultado: o \u201cmotor tect\u00f4nico\u201d da regi\u00e3o est\u00e1 literalmente se partindo.<\/p>\n<p data-start=\"1719\" data-end=\"1996\">\u201cEstamos vendo a Terra se transformando diante dos nossos olhos\u201d, disse o ge\u00f3logo Brandon Shuck, autor principal do estudo. \u201c\u00c9 como assistir a um trem descarrilar, mas em c\u00e2mera muito, muito lenta&#8221;, acrescentou.<\/p>\n<p>Como uma placa tect\u00f4nica morre<\/p>\n<p data-start=\"2252\" data-end=\"2395\">O estudo revela que o fim de uma zona de subduc\u00e7\u00e3o n\u00e3o \u00e9 um evento explosivo, e sim um processo gradual que pode durar milh\u00f5es de anos.<\/p>\n<ul>&#13;<\/p>\n<li data-start=\"2252\" data-end=\"2395\"><strong data-start=\"2442\" data-end=\"2464\">Morte em cap\u00edtulos:<\/strong>\u00a0A subduc\u00e7\u00e3o n\u00e3o para de uma vez. Ela vai se fragmentando aos poucos, em uma esp\u00e9cie de \u201cdescarrilamento tect\u00f4nico\u201d por partes.<\/li>\n<p>&#13;<\/p>\n<li data-start=\"2252\" data-end=\"2395\"><strong data-start=\"2599\" data-end=\"2626\">Forma\u00e7\u00e3o de microplacas:\u00a0<\/strong>\u00c0 medida que a placa se rompe, peda\u00e7os menores se destacam e passam a se mover de forma independente.<\/li>\n<p>&#13;<\/p>\n<li data-start=\"2252\" data-end=\"2395\"><strong data-start=\"2736\" data-end=\"2755\">Fendas gigantes:<\/strong>\u00a0Os pesquisadores identificaram uma falha profunda onde a placa j\u00e1 afundou cerca de 5 quil\u00f4metros.<\/li>\n<p>&#13;<\/p>\n<li data-start=\"2252\" data-end=\"2395\"><strong data-start=\"2865\" data-end=\"2905\">Fim dos terremotos em \u00e1reas rompidas:\u00a0<\/strong>As regi\u00f5es que j\u00e1 se desprenderam deixam de gerar tremores, porque as rochas n\u00e3o est\u00e3o mais presas umas \u00e0s outras.<\/li>\n<p>&#13;<\/p>\n<li data-start=\"2252\" data-end=\"2395\"><strong data-start=\"3028\" data-end=\"3046\">Perda de for\u00e7a:<\/strong>\u00a0A cada novo \u201crasgo\u201d, a placa perde impulso, at\u00e9 que a subduc\u00e7\u00e3o pare completamente.<\/li>\n<p>&#13;\n<\/ul>\n<p data-start=\"3172\" data-end=\"3407\">At\u00e9 agora, os ge\u00f3logos s\u00f3 conseguiam imaginar como uma zona de subduc\u00e7\u00e3o chegava ao fim.<br data-start=\"3260\" data-end=\"3263\"\/>Com as novas imagens, eles finalmente viram o processo acontecendo, e isso ajuda a explicar v\u00e1rios mist\u00e9rios do passado geol\u00f3gico da Terra.<\/p>\n<p data-start=\"3436\" data-end=\"3829\">Al\u00e9m disso, o rasgamento lento observado em Cascadia pode explicar antigas microplacas fossilizadas, como as que existem na Baixa Calif\u00f3rnia, remanescentes da antiga placa Farallon. Tamb\u00e9m pode ajudar a entender por que h\u00e1 vulc\u00f5es isolados surgindo em lugares aparentemente aleat\u00f3rios: quando uma placa se rompe, ela abre \u201cjanelas\u201d que permitem que o magma suba do interior da Terra.<\/p>\n<p>E quanto aos riscos de terremoto?<\/p>\n<p data-start=\"3877\" data-end=\"4087\">Apesar de chamar a aten\u00e7\u00e3o, a descoberta n\u00e3o significa que a regi\u00e3o esteja prestes a se partir.<br data-start=\"3976\" data-end=\"3979\"\/>Os cientistas refor\u00e7am que o processo \u00e9 extremamente lento, leva milh\u00f5es de anos para uma placa morrer.<\/p>\n<p data-start=\"4089\" data-end=\"4237\">Mesmo assim, a regi\u00e3o de Cascadia continua sendo uma das mais perigosas do planeta, com potencial para gerar terremotos e tsunamis gigantes. \u201cEntender como essas zonas se fragmentam \u00e9 essencial para prever o futuro da atividade s\u00edsmica\u201d, explicou Shuck. \u201cIsso nos ajuda a entender onde a Terra ainda est\u00e1 viva, e onde ela est\u00e1 come\u00e7ando a parar.\u201d<\/p>\n<p data-start=\"4499\" data-end=\"4723\">A descoberta mostra que, mesmo nos lugares mais est\u00e1veis, a Terra nunca est\u00e1 parada. Os mesmos processos que criam continentes tamb\u00e9m os destroem. As placas nascem, vivem e morrem, e, nesse ciclo, o planeta se renova. \u201cEstamos testemunhando o fim de uma era tect\u00f4nica e o nascimento de uma nova\u201d, resume Shuck.<\/p>\n<p data-start=\"4499\" data-end=\"4723\">\u00a0<\/p>\n<ul>\n<li><a href=\"https:\/\/wa.me\/?text=Cientistas+observam+placa+tect%C3%B4nica+se+despeda%C3%A7ando+no+oceano%20https:\/\/www.correiobraziliense.com.br\/ciencia-e-saude\/2025\/10\/7282782-cientistas-observam-placa-tectonica-se-despedacando-no-oceano.html\" target=\"_blank\" title=\"Whatsapp\" aria-label=\"WhatsApp\" rel=\"nofollow noopener\"><\/a><\/li>\n<li><a href=\"https:\/\/www.facebook.com\/sharer.php?u=https:\/\/www.correiobraziliense.com.br%2Fciencia-e-saude%2F2025%2F10%2F7282782-cientistas-observam-placa-tectonica-se-despedacando-no-oceano.html&amp;text=Cientistas+observam+placa+tect%C3%B4nica+se+despeda%C3%A7ando+no+oceano\" target=\"_blank\" title=\"Facebook\" aria-label=\"Facebook\" rel=\"nofollow noopener\"><\/a><\/li>\n<li><a href=\"https:\/\/twitter.com\/intent\/tweet?url=https:\/\/www.correiobraziliense.com.br%2Fciencia-e-saude%2F2025%2F10%2F7282782-cientistas-observam-placa-tectonica-se-despedacando-no-oceano.html&amp;text=Cientistas+observam+placa+tect%C3%B4nica+se+despeda%C3%A7ando+no+oceano\" target=\"_blank\" title=\"Twitter\" aria-label=\"Twitter\" rel=\"nofollow noopener\"><\/a><\/li>\n<li><a href=\"https:\/\/profile.google.com\/cp\/CgovbS8wNzZ0dms1\" title=\"Google Discover\" target=\"_blank\" aria-label=\"Google Discover\" rel=\"nofollow noopener\"><img decoding=\"async\" src=\"https:\/\/www.europesays.com\/pt\/wp-content\/uploads\/2025\/10\/1761263228_86_google-discover-icon.png\" style=\"height: 25px; margin: 0 !important; margin-left: 3px;\" alt=\"Google Discover Icon\"\/><\/a><\/li>\n<\/ul>\n<p>              <a href=\"https:\/\/www.correiobraziliense.com.br\/autor\/amanda-s-feitoza\/page\/1\/\" style=\"height: 100%;\" rel=\"nofollow noopener\" target=\"_blank\"><img decoding=\"async\" class=\"hidden-print author-circle d-block h6 mt-0 mb-0 mr-6 text-center\" src=\"https:\/\/www.europesays.com\/pt\/wp-content\/uploads\/2025\/08\/amanda_s__feitoza-50475087.jpeg\" alt=\"\" width=\"40\" height=\"40\" loading=\"lazy\" style=\"object-fit:cover; width: 40px; height: 40px; margin-right:10px;\"\/><\/a><a href=\"https:\/\/www.correiobraziliense.com.br\/autor\/amanda-s-feitoza\/page\/1\/\" rel=\"nofollow noopener\" target=\"_blank\"><img decoding=\"async\" class=\"hidden-print author-circle d-block h6 mt-0 mb-0 mr-6 text-center\" src=\"https:\/\/www.europesays.com\/pt\/wp-content\/uploads\/2025\/08\/amanda_s__feitoza-50475087.jpeg\" alt=\"\" width=\"40\" height=\"40\" loading=\"lazy\" style=\"object-fit:cover; width: 40px; height: 40px; margin-right:10px;\"\/><\/a>Amanda S. Feitoza  <strong class=\"entryStrongAuthor\"\/><\/p>\n<p class=\"entryDescricaoAuthor\">Jornalista formada pela UnB, com passagens pela Secretaria de Seguran\u00e7a P\u00fablica do DF, pelo Instituto Federal de Bras\u00edlia (IFB) e pela M\u00e1quina CW. Entusiasta nas \u00e1reas de cultura, educa\u00e7\u00e3o e redes sociais, integra a equipe do CB-Online.<\/p>\n<p>                          <script async src=\"https:\/\/platform.twitter.com\/widgets.js\" charset=\"utf-8\"><\/script><\/p>\n","protected":false},"excerpt":{"rendered":"Imagine a crosta da Terra como um gigantesco quebra-cabe\u00e7a. As pe\u00e7as s\u00e3o as placas tect\u00f4nicas, enormes blocos de&hellip;\n","protected":false},"author":2,"featured_media":134394,"comment_status":"","ping_status":"","sticky":false,"template":"","format":"standard","meta":{"footnotes":""},"categories":[84],"tags":[109,107,108,4769,30311,3536,32,33,105,103,104,106,110,30312,11166],"class_list":{"0":"post-134393","1":"post","2":"type-post","3":"status-publish","4":"format-standard","5":"has-post-thumbnail","7":"category-ciencia-e-tecnologia","8":"tag-ciencia","9":"tag-ciencia-e-tecnologia","10":"tag-cienciaetecnologia","11":"tag-cientistas","12":"tag-montanhas","13":"tag-pesquisa-cientifica","14":"tag-portugal","15":"tag-pt","16":"tag-science","17":"tag-science-and-technology","18":"tag-scienceandtechnology","19":"tag-technology","20":"tag-tecnologia","21":"tag-terremotos","22":"tag-vulcoes"},"share_on_mastodon":{"url":"https:\/\/pubeurope.com\/@pt\/115470242300496870","error":""},"_links":{"self":[{"href":"https:\/\/www.europesays.com\/pt\/wp-json\/wp\/v2\/posts\/134393","targetHints":{"allow":["GET"]}}],"collection":[{"href":"https:\/\/www.europesays.com\/pt\/wp-json\/wp\/v2\/posts"}],"about":[{"href":"https:\/\/www.europesays.com\/pt\/wp-json\/wp\/v2\/types\/post"}],"author":[{"embeddable":true,"href":"https:\/\/www.europesays.com\/pt\/wp-json\/wp\/v2\/users\/2"}],"replies":[{"embeddable":true,"href":"https:\/\/www.europesays.com\/pt\/wp-json\/wp\/v2\/comments?post=134393"}],"version-history":[{"count":0,"href":"https:\/\/www.europesays.com\/pt\/wp-json\/wp\/v2\/posts\/134393\/revisions"}],"wp:featuredmedia":[{"embeddable":true,"href":"https:\/\/www.europesays.com\/pt\/wp-json\/wp\/v2\/media\/134394"}],"wp:attachment":[{"href":"https:\/\/www.europesays.com\/pt\/wp-json\/wp\/v2\/media?parent=134393"}],"wp:term":[{"taxonomy":"category","embeddable":true,"href":"https:\/\/www.europesays.com\/pt\/wp-json\/wp\/v2\/categories?post=134393"},{"taxonomy":"post_tag","embeddable":true,"href":"https:\/\/www.europesays.com\/pt\/wp-json\/wp\/v2\/tags?post=134393"}],"curies":[{"name":"wp","href":"https:\/\/api.w.org\/{rel}","templated":true}]}}