{"id":134456,"date":"2025-10-31T19:34:11","date_gmt":"2025-10-31T19:34:11","guid":{"rendered":"https:\/\/www.europesays.com\/pt\/134456\/"},"modified":"2025-10-31T19:34:11","modified_gmt":"2025-10-31T19:34:11","slug":"russia-alerta-eua-contra-possiveis-testes-nucleares-observador","status":"publish","type":"post","link":"https:\/\/www.europesays.com\/pt\/134456\/","title":{"rendered":"R\u00fassia alerta EUA contra poss\u00edveis testes nucleares \u2013 Observador"},"content":{"rendered":"<p>Acompanhe o <a href=\"https:\/\/observador.pt\/liveblogs\/trump-cancela-cimeira-de-budapeste-com-putin-apos-conversa-tensa-sobre-ucrania\/\" rel=\"nofollow noopener\" target=\"_blank\">nosso liveblog sobre a guerra na Ucr\u00e2nia<\/a><\/p>\n<p>O secret\u00e1rio do Conselho de Seguran\u00e7a russo alertou esta sexta-feira que os testes nucleares dos Estados Unidos afetam a estabilidade estrat\u00e9gica, garantindo que a R\u00fassia est\u00e1 pronta para realizar tamb\u00e9m ensaios nucleares.<\/p>\n<p>Sergei Shoigu, antigo ministro da Defesa russo, disse \u00e0 imprensa russa que as recentes declara\u00e7\u00f5es do Presidente norte-americano, Donald Trump, sobre os testes de armas nucleares afetam a estabilidade estrat\u00e9gica. \u201cN\u00e3o queremos que a estabilidade estrat\u00e9gica continue a deteriorar-se\u201d, afirmou Shoigu.<\/p>\n<p>No entanto, observou que a R\u00fassia sempre manteve os seus campos de testes abertos \u201c<strong>para que conservem as suas capacidades e possam ser utilizados, se necess\u00e1rio<\/strong>\u201c. \u201cTrata-se, naturalmente, o campo de testes de Novaya Zemlya\u201d, localizado no arquip\u00e9lago \u00e1rtico com o mesmo nome, indicou.<\/p>\n<p>Shoigu esclareceu, no entanto, que a R\u00fassia n\u00e3o realizar\u00e1 testes nucleares se os Estados Unidos n\u00e3o o fizerem, uma posi\u00e7\u00e3o que \u201cn\u00e3o \u00e9 nova\u201d.<\/p>\n<p>Acrescentou que, embora n\u00e3o tenham sido realizados testes nucleares nas \u00faltimas d\u00e9cadas, \u201cos testes n\u00e3o pararam em nenhum pa\u00eds, nem por um \u00fanico dia, nem por uma \u00fanica hora. Apenas foram realizados digitalmente; n\u00e3o foram realizados testes f\u00edsicos, mas sim com modelos matem\u00e1ticos\u201d.<\/p>\n<p>\u201cDevido aos programas de testes de outros pa\u00edses, instru\u00ed o Departamento de Guerra para come\u00e7ar a testar as nossas armas nucleares em igualdade de circunst\u00e2ncias. Este processo come\u00e7ar\u00e1 imediatamente\u201d, afirmou Trump na quinta-feira atrav\u00e9s da plataforma Truth Social.<\/p>\n<p>No entanto, permanece incerto se o l\u00edder norte-americano se referia aos testes de lan\u00e7amento de armas nucleares ou a testes nucleares reais, sejam eles acima ou abaixo do solo.<\/p>\n<p>Mais tarde, a bordo do Air Force One, regressado da Coreia do Sul, Trump afirmou que o seu an\u00fancio de <a href=\"https:\/\/observador.pt\/2025\/10\/30\/trump-ordena-inicio-de-testes-de-armas-nucleares-dos-estados-unidos-da-america\/\" rel=\"nofollow noopener\" target=\"_blank\">retomada imediata dos testes nucleares<\/a> tinha como foco alcan\u00e7ar a \u201cdesnucleariza\u00e7\u00e3o\u201d e incluir a China nas negocia\u00e7\u00f5es do tratado de n\u00e3o-prolifera\u00e7\u00e3o com a R\u00fassia.<\/p>\n<p>O an\u00fancio de Trump surgiu depois de o Presidente russo, Vladimir Putin, ter ordenado exerc\u00edcios nucleares terrestres, mar\u00edtimos e a\u00e9reos a partir do Kremlin, em 22 de outubro, e anunciado, nos \u00faltimos dias, testes de dois sistemas de armas nucleares de nova gera\u00e7\u00e3o: o <a href=\"https:\/\/observador.pt\/2025\/10\/27\/chernobyl-voador-o-missil-nuclear-que-putin-diz-ser-impossivel-de-intercetar-e-que-esta-a-preocupar-os-especialistas\/\" rel=\"nofollow noopener\" target=\"_blank\">m\u00edssil de cruzeiro Burevestnik <\/a>e o <a href=\"https:\/\/observador.pt\/2025\/10\/29\/putin-volta-a-ameaca-nuclear-e-celebra-exito-nos-testes-de-drone-submarino-que-pode-criar-tsunami-radioativo\/\" rel=\"nofollow noopener\" target=\"_blank\">submarino n\u00e3o tripulado Poseidon<\/a>.<\/p>\n<p>Em resposta, o Kremlin esclareceu Trump que a R\u00fassia n\u00e3o realizou qualquer teste nuclear, sendo o \u00faltimo deles realizado pela Uni\u00e3o Sovi\u00e9tica em 1990.<\/p>\n","protected":false},"excerpt":{"rendered":"Acompanhe o nosso liveblog sobre a guerra na Ucr\u00e2nia O secret\u00e1rio do Conselho de Seguran\u00e7a russo alertou esta&hellip;\n","protected":false},"author":2,"featured_media":134457,"comment_status":"","ping_status":"","sticky":false,"template":"","format":"standard","meta":{"footnotes":""},"categories":[50],"tags":[624,25312,27,28,2537,623,445,15,16,1123,14,25,26,21,22,62,12,13,19,20,23,24,3879,58,17,18,1124,29,30,31,63,64,65],"class_list":{"0":"post-134456","1":"post","2":"type-post","3":"status-publish","4":"format-standard","5":"has-post-thumbnail","7":"category-mundo","8":"tag-amu00e9rica","9":"tag-armamento-nuclear","10":"tag-breaking-news","11":"tag-breakingnews","12":"tag-defesa","13":"tag-estados-unidos-da-amu00e9rica","14":"tag-europa","15":"tag-featured-news","16":"tag-featurednews","17":"tag-guerra-na-ucru00e2nia","18":"tag-headlines","19":"tag-latest-news","20":"tag-latestnews","21":"tag-main-news","22":"tag-mainnews","23":"tag-mundo","24":"tag-news","25":"tag-noticias","26":"tag-noticias-principais","27":"tag-noticiasprincipais","28":"tag-principais-noticias","29":"tag-principaisnoticias","30":"tag-ru00fassia","31":"tag-sociedade","32":"tag-top-stories","33":"tag-topstories","34":"tag-ucru00e2nia","35":"tag-ultimas","36":"tag-ultimas-noticias","37":"tag-ultimasnoticias","38":"tag-world","39":"tag-world-news","40":"tag-worldnews"},"share_on_mastodon":{"url":"","error":"Validation failed: Text character limit of 500 exceeded"},"_links":{"self":[{"href":"https:\/\/www.europesays.com\/pt\/wp-json\/wp\/v2\/posts\/134456","targetHints":{"allow":["GET"]}}],"collection":[{"href":"https:\/\/www.europesays.com\/pt\/wp-json\/wp\/v2\/posts"}],"about":[{"href":"https:\/\/www.europesays.com\/pt\/wp-json\/wp\/v2\/types\/post"}],"author":[{"embeddable":true,"href":"https:\/\/www.europesays.com\/pt\/wp-json\/wp\/v2\/users\/2"}],"replies":[{"embeddable":true,"href":"https:\/\/www.europesays.com\/pt\/wp-json\/wp\/v2\/comments?post=134456"}],"version-history":[{"count":0,"href":"https:\/\/www.europesays.com\/pt\/wp-json\/wp\/v2\/posts\/134456\/revisions"}],"wp:featuredmedia":[{"embeddable":true,"href":"https:\/\/www.europesays.com\/pt\/wp-json\/wp\/v2\/media\/134457"}],"wp:attachment":[{"href":"https:\/\/www.europesays.com\/pt\/wp-json\/wp\/v2\/media?parent=134456"}],"wp:term":[{"taxonomy":"category","embeddable":true,"href":"https:\/\/www.europesays.com\/pt\/wp-json\/wp\/v2\/categories?post=134456"},{"taxonomy":"post_tag","embeddable":true,"href":"https:\/\/www.europesays.com\/pt\/wp-json\/wp\/v2\/tags?post=134456"}],"curies":[{"name":"wp","href":"https:\/\/api.w.org\/{rel}","templated":true}]}}