{"id":134467,"date":"2025-10-31T19:42:15","date_gmt":"2025-10-31T19:42:15","guid":{"rendered":"https:\/\/www.europesays.com\/pt\/134467\/"},"modified":"2025-10-31T19:42:15","modified_gmt":"2025-10-31T19:42:15","slug":"frankenstein-por-dentro-da-concepcao-da-criatura-vivida-por-jacob-elordi","status":"publish","type":"post","link":"https:\/\/www.europesays.com\/pt\/134467\/","title":{"rendered":"\u201cFrankenstein\u201d: por dentro da concep\u00e7\u00e3o da criatura, vivida por Jacob Elordi"},"content":{"rendered":"<p><a href=\"https:\/\/harpersbazaar.uol.com.br\/cultura\/frankenstein-por-dentro-da-concepcao-da-criatura-vivida-por-jacob-elordi\/attachment\/frankenstein-3\/\" rel=\"attachment wp-att-596456 nofollow noopener\" target=\"_blank\"><img fetchpriority=\"high\" decoding=\"async\" class=\"aligncenter  size-large wp-image-596456 lazy\" src=\"https:\/\/www.europesays.com\/pt\/wp-content\/uploads\/2025\/10\/Frankenstein-maquiagem-caracterizacao-entrevista-mike-hill-6-768x512.jpg\" alt=\"Mike Hill criando uma das pr\u00f3teses usadas na caracteriza\u00e7\u00e3o da criatura de &quot;Frankenstein&quot;\" width=\"768\" height=\"512\"\/><\/a><\/p>\n<p class=\"wp-caption-text\">Mike Hill criando a Criatura para \u201cFrankenstein\u201d \u2013 Foto: John P. Johnson\/Divulga\u00e7\u00e3o<\/p>\n<p><strong>*Por Paula Jacob<\/strong><\/p>\n<p>Se tem uma criatura que ganhou status pop no inconsciente cultural, esta \u00e9 o monstro de <strong>Frankenstein<\/strong>. O personagem de <strong>Mary Shelley<\/strong> ganhou vida cinematogr\u00e1fica diversas vezes, mas foi a de 1931, com a adapta\u00e7\u00e3o de <strong>James Whale<\/strong>, que grudou no nosso imagin\u00e1rio. O monstro de altura impressionante, cabe\u00e7a quadrada, franjinha interrompida pelos grampos de ferro e pinos no pesco\u00e7o foi criado pelo artista <strong>Jack Pierce<\/strong>, maquiador da Universal. A for\u00e7a da caracteriza\u00e7\u00e3o veio de estudos sobre anatomia e at\u00e9 pr\u00e1ticas funer\u00e1rias, com um processo que durava quatro horas para modificar os tra\u00e7os j\u00e1 marcantes de <strong>Boris Karloff<\/strong>.<\/p>\n<p>Quase 95 anos depois, o personagem ganha nova interpreta\u00e7\u00e3o, no filme estilizado de <a href=\"https:\/\/harpersbazaar.uol.com.br\/moda\/tiffany-co-leva-joias-historicas-para-frankenstein-novo-filme-de-guillermo-del-toro\/\" rel=\"nofollow noopener\" target=\"_blank\"><strong>Guillermo Del Toro<\/strong><\/a>, em cartaz nos cinemas selecionados de todo o Pa\u00eds \u2013 chega ao cat\u00e1logo da <strong>Netflix<\/strong> dia 7 de novembro. Nele, <strong>Jacob Elordi<\/strong> incorpora a dualidade vision\u00e1ria de Shelley em uma vers\u00e3o mais apaixonada da criatura. \u201cInfelizmente n\u00e3o tive tanto tempo com o ator quanto gostaria depois que o primeiro ator desistiu. Mas acabei usando muito os olhos de Jacob, grandes e expressivos, e seu maxilar forte, que auxiliou bastante na aplica\u00e7\u00e3o das pr\u00f3teses\u201d, conta <strong>Mike Hill<\/strong> em entrevista exclusiva \u00e0 <strong>Harper\u2019s Bazaar Brasil<\/strong>. \u201cEle tamb\u00e9m tinha o f\u00edsico ideal: alto, magro, atl\u00e9tico. S\u00f3 precisei aumentar algumas \u00e1reas, como os ombros.\u201d<\/p>\n<p><a href=\"https:\/\/harpersbazaar.uol.com.br\/cultura\/frankenstein-por-dentro-da-concepcao-da-criatura-vivida-por-jacob-elordi\/attachment\/frankenstein-4\/\" rel=\"attachment wp-att-596457 nofollow noopener\" target=\"_blank\"><img loading=\"lazy\" decoding=\"async\" class=\"aligncenter  size-large wp-image-596457 lazy\" src=\"https:\/\/www.europesays.com\/pt\/wp-content\/uploads\/2025\/10\/Frankenstein-maquiagem-caracterizacao-entrevista-mark-hill-5-768x512.jpg\" alt=\"Jacob Elordi caracterizado como a Criatura, personagem principal de &quot;Frankenstein&quot;\" width=\"768\" height=\"512\"\/><\/a><\/p>\n<p class=\"wp-caption-text\">Jacob Elordi como a Criatura em \u201cFrankenstein\u201d \u2013 Foto: Ken Wororner\/Divulga\u00e7\u00e3o<\/p>\n<p>O artista de efeitos especiais, maquiador e escultor j\u00e1 havia trabalhado com Del Toro em <strong>\u201cA Forma D\u2019\u00c1gua\u201d<\/strong> (2017), justamente com a criatura humana-marinha. Seu background de especialista em hist\u00f3rias de terror, monstros e super-her\u00f3is foi essencial para apresentar uma nova vis\u00e3o para a criatura, que acompanha a ternura do diretor em sua interpreta\u00e7\u00e3o do livro. \u201cEu li o romance da Mary Shelley pela primeira vez quando tinha uns sete anos, depois de assistir aos filmes cl\u00e1ssicos da Universal. Quis saber mais sobre Frankenstein, mas n\u00e3o entendi muita coisa, ent\u00e3o pulei direto para as partes da criatura. Desde ent\u00e3o, virou uma obsess\u00e3o, especialmente porque eu tamb\u00e9m era muito f\u00e3 dos filmes da Hammer dos anos 1960 e 1970, como \u2018A Maldi\u00e7\u00e3o de Frankenstein\u2019, com Peter Cushing\u201d, conta Mike. Desde pequeno, ele j\u00e1 brincava de criar os pr\u00f3prios monstros, cavava argila do rio pr\u00f3ximo a sua casa para fazer interpreta\u00e7\u00f5es da criatura e do King Kong. \u201cFoi Frankenstein que me fez querer ser um desenvolvedor de monstros \u2013 e, bom, acho que consegui\u201d, brinca.<\/p>\n<p>A criatura na pele de Boris Karloff, inclusive, era uma de suas preferidas e a compara\u00e7\u00e3o com o seu trabalho atual, segundo ele, era inevit\u00e1vel. \u201cMas tanto Guillermo quanto eu sab\u00edamos que essa vis\u00e3o n\u00e3o caberia no filme. A nossa vers\u00e3o se baseia no romantismo do roteiro de Guillermo, portanto busquei formas de traz\u00ea-la \u00e0 vida como algo que parecesse intencional \u2013 com formas geom\u00e9tricas, propor\u00e7\u00f5es planejadas, algo claramente moldado por m\u00e3os humanas. N\u00e3o queria que parecesse um acidente de estrada remendado com cicatrizes.\u201d<\/p>\n<p><a href=\"https:\/\/harpersbazaar.uol.com.br\/cultura\/frankenstein-por-dentro-da-concepcao-da-criatura-vivida-por-jacob-elordi\/attachment\/frankenstein-5\/\" rel=\"attachment wp-att-596458 nofollow noopener\" target=\"_blank\"><img loading=\"lazy\" decoding=\"async\" class=\"aligncenter  size-large wp-image-596458 lazy\" src=\"https:\/\/www.europesays.com\/pt\/wp-content\/uploads\/2025\/10\/Frankenstein-maquiagem-caracterizacao-entrevista-mark-hill-4-768x512.jpg\" alt=\"Jacob Elordi caracterizado como a Criatura, personagem principal de &quot;Frankenstein&quot;\" width=\"768\" height=\"512\"\/><\/a><\/p>\n<p class=\"wp-caption-text\">Jacob Elordi como a Criatura em \u201cFrankenstein\u201d \u2013 Foto: Ken Wororner\/Divulga\u00e7\u00e3o<\/p>\n<p>A pesquisa para desenvolver o visual final da criatura foi interpretada com os erros m\u00e9dicos cometidos na \u00e9poca em que se passa o livro, no s\u00e9culo 19, \u201ccomo um primeiro rascunho de algo nunca antes feito\u201d. \u201cQuando estou trabalhando, gosto de ficar no meu ateli\u00ea, deixar as luzes apagadas, s\u00f3 com uma l\u00e2mpada acesa, colocar sons de trov\u00f5es ao fundo e me fazer sentir em 1800\u201d, compartilha o profissional.<\/p>\n<p>O trabalho come\u00e7a com uma escultura em tamanho e dimens\u00f5es reais para depois serem criados os moldes e as aplica\u00e7\u00f5es de borracha. \u201cJacob usava 42 pe\u00e7as no corpo em uma maquiagem que levava 10 horas para ser aplicada \u2013 todos os dias.\u201d \u00c0 medida que o filme avan\u00e7a, e a criatura perde a postura de um \u201cbeb\u00ea\u201d novo no mundo, agregando vestimentas ao figurino, o tempo de prepara\u00e7\u00e3o foi reduzido para 4 horas. \u201cJacob nunca reclamou de nada, foi incr\u00edvel em todo o processo.\u201d<\/p>\n<p><a href=\"https:\/\/harpersbazaar.uol.com.br\/cultura\/frankenstein-por-dentro-da-concepcao-da-criatura-vivida-por-jacob-elordi\/attachment\/frankenstein-6\/\" rel=\"attachment wp-att-596459 nofollow noopener\" target=\"_blank\"><img loading=\"lazy\" decoding=\"async\" class=\"aligncenter  size-large wp-image-596459 lazy\" src=\"https:\/\/www.europesays.com\/pt\/wp-content\/uploads\/2025\/10\/Frankenstein-maquiagem-caracterizacao-entrevista-mark-hill-7-768x512.jpg\" alt=\"\" width=\"768\" height=\"512\"\/><\/a><\/p>\n<p class=\"wp-caption-text\">Mia Goth como Elizabeth e Jacob Elordi como a Criatura em \u201cFrankenstein\u201d \u2013 Foto: Ken Wororner\/Divulga\u00e7\u00e3o<\/p>\n<p>Apesar de departamentos distintos, maquiagem e figurino precisam estar interligados nos bastidores, ainda mais num caso como este, para garantir a melhor vers\u00e3o final poss\u00edvel do personagem. A figurinista de Frankenstein, <strong>Kate Hawley<\/strong>, era a respons\u00e1vel pelo guarda-roupa diminuto do monstro. \u201cTrabalhamos lado a lado testando coisas juntos. O interessante neste filme \u00e9 que a criatura recebe roupas inesperadas \u2013 ent\u00e3o nem sempre sab\u00edamos o que ele iria usar, tornando o processo de design mais din\u00e2mico.\u201d Segundo Mike, a equipe de figurino ajudou a criar uma silhueta poderosa para Jacob Elordi usar, com casaco longo e botas de pele, dando um peso para o personagem. \u201cNo caso da maquiagem, essa transforma\u00e7\u00e3o de \u2018crian\u00e7a\u2019 para \u2018adulto\u2019 veio atrav\u00e9s do crescimento do cabelo.\u201d<\/p>\n<p><a href=\"https:\/\/harpersbazaar.uol.com.br\/cultura\/frankenstein-por-dentro-da-concepcao-da-criatura-vivida-por-jacob-elordi\/attachment\/frankenstein-7\/\" rel=\"attachment wp-att-596460 nofollow noopener\" target=\"_blank\"><img loading=\"lazy\" decoding=\"async\" class=\"aligncenter  size-large wp-image-596460 lazy\" src=\"https:\/\/www.europesays.com\/pt\/wp-content\/uploads\/2025\/10\/Frankenstein-maquiagem-caracterizacao-entrevista-mark-hill-2-768x512.jpg\" alt=\"\" width=\"768\" height=\"512\"\/><\/a><\/p>\n<p class=\"wp-caption-text\">O roteirista e diretor Guillermo del Toro com Jacob Elordi como a Criatura, no set de \u201cFrankenstein\u201d \u2013 Foto: Ken Wororner\/Divulga\u00e7\u00e3o<\/p>\n<p>Com um resultado surpreendente perante as antigas refer\u00eancias, a criatura de Guillermo, Mike e Jacob parece mais am\u00e1vel, apesar de saber logo de cara a sua esquisitice perante aos humanos. \u201cGuillermo \u00e9 um diretor que abra\u00e7a a beleza na imperfei\u00e7\u00e3o. Por isso, o resultado \u00e9 tamb\u00e9m visualmente po\u00e9tico. J\u00e1 Jacob me fez perceber que a escultura que eu tinha feito n\u00e3o era apenas perfeita fisicamente. O melhor momento no set, para mim, foi ouvi-lo falar a primeira vez, ele tornou a criatura real a partir da sua atua\u00e7\u00e3o.\u201d<\/p>\n<p>\t&#13;<br \/>\n&#13;<br \/>\n\t&#13;<br \/>\n\treda\u00e7\u00e3o bazaar&#13;<br \/>\n\t31\/10\/2025&#13;<br \/>\n\t&#13;<br \/>\n\t&#13;<br \/>\n\t\t&#13;<br \/>\n\t\t&#13;<br \/>\n\t\t&#13;<br \/>\n\t\t&#13;<br \/>\n\t&#13;<br \/>\n\t\t&#13;<br \/>\n\t\t&#13;<br \/>\n\t\t&#13;<br \/>\n\t\t&#13;<br \/>\n\t&#13;<\/p>\n","protected":false},"excerpt":{"rendered":"Mike Hill criando a Criatura para \u201cFrankenstein\u201d \u2013 Foto: John P. Johnson\/Divulga\u00e7\u00e3o *Por Paula Jacob Se tem uma&hellip;\n","protected":false},"author":2,"featured_media":134468,"comment_status":"","ping_status":"","sticky":false,"template":"","format":"standard","meta":{"footnotes":""},"categories":[140],"tags":[15670,470,30318,114,115,147,148,20865,3714,30319,146,32,33],"class_list":{"0":"post-134467","1":"post","2":"type-post","3":"status-publish","4":"format-standard","5":"has-post-thumbnail","7":"category-filmes","8":"tag-caracterizacao","9":"tag-cinema","10":"tag-destaque-home","11":"tag-entertainment","12":"tag-entretenimento","13":"tag-film","14":"tag-filmes","15":"tag-frankenstein","16":"tag-jacob-elordi","17":"tag-mike-hill","18":"tag-movies","19":"tag-portugal","20":"tag-pt"},"share_on_mastodon":{"url":"https:\/\/pubeurope.com\/@pt\/115470489863449206","error":""},"_links":{"self":[{"href":"https:\/\/www.europesays.com\/pt\/wp-json\/wp\/v2\/posts\/134467","targetHints":{"allow":["GET"]}}],"collection":[{"href":"https:\/\/www.europesays.com\/pt\/wp-json\/wp\/v2\/posts"}],"about":[{"href":"https:\/\/www.europesays.com\/pt\/wp-json\/wp\/v2\/types\/post"}],"author":[{"embeddable":true,"href":"https:\/\/www.europesays.com\/pt\/wp-json\/wp\/v2\/users\/2"}],"replies":[{"embeddable":true,"href":"https:\/\/www.europesays.com\/pt\/wp-json\/wp\/v2\/comments?post=134467"}],"version-history":[{"count":0,"href":"https:\/\/www.europesays.com\/pt\/wp-json\/wp\/v2\/posts\/134467\/revisions"}],"wp:featuredmedia":[{"embeddable":true,"href":"https:\/\/www.europesays.com\/pt\/wp-json\/wp\/v2\/media\/134468"}],"wp:attachment":[{"href":"https:\/\/www.europesays.com\/pt\/wp-json\/wp\/v2\/media?parent=134467"}],"wp:term":[{"taxonomy":"category","embeddable":true,"href":"https:\/\/www.europesays.com\/pt\/wp-json\/wp\/v2\/categories?post=134467"},{"taxonomy":"post_tag","embeddable":true,"href":"https:\/\/www.europesays.com\/pt\/wp-json\/wp\/v2\/tags?post=134467"}],"curies":[{"name":"wp","href":"https:\/\/api.w.org\/{rel}","templated":true}]}}