{"id":134503,"date":"2025-10-31T20:18:08","date_gmt":"2025-10-31T20:18:08","guid":{"rendered":"https:\/\/www.europesays.com\/pt\/134503\/"},"modified":"2025-10-31T20:18:08","modified_gmt":"2025-10-31T20:18:08","slug":"protagonistas-de-guerreiras-do-k-pop-estrelam-inedito-thriller-sobre-industria-do-k-pop","status":"publish","type":"post","link":"https:\/\/www.europesays.com\/pt\/134503\/","title":{"rendered":"Protagonistas de &#8216;Guerreiras do K-pop&#8217; estrelam in\u00e9dito thriller sobre ind\u00fastria do K-pop"},"content":{"rendered":"<p>Nesta sexta-feira, 31, foi confirmado a inclus\u00e3o de <strong>May Hong<\/strong>, atriz conhecida por dublar Mira em \u2018<a href=\"https:\/\/recreio.com.br\/tags\/guerreiras-do-k-pop\" target=\"_blank\" rel=\"noopener nofollow\">Guerreiras do K-pop<\/a>\u2018, no elenco do thriller sul-coreano \u2018Perfect Girl\u2019. A divulga\u00e7\u00e3o foi feita pelo Deadline que, no come\u00e7o do m\u00eas, anunciou tamb\u00e9m a participa\u00e7\u00e3o de <strong>Arden Cho, <\/strong>int\u00e9rprete da protagonista Rumi da anima\u00e7\u00e3o.<\/p>\n<p>A produ\u00e7\u00e3o contar\u00e1 com a atua\u00e7\u00e3o de<strong> Peter Lee Jae Yon\u00a0<\/strong>(12:12: O Dia),\u00a0<strong>Samantha Cochran\u00a0<\/strong>(The Cure), a cantora filipino-canadense\u00a0<strong>AC Bonifacio\u00a0<\/strong>e a cantora e atriz tailandesa\u00a0<strong>Ally\u00a0<\/strong>(The Believers), al\u00e9m das <a href=\"https:\/\/recreio.com.br\/noticias\/entretenimento\/a-estrela-do-k-pop-que-ajudou-ejae-de-guerreiras-do-k-pop-a-nao-desistir-da-carreira.phtml\" target=\"_blank\" rel=\"noopener nofollow\">idols<\/a> <strong>Nancy<\/strong>, do\u00a0Momoland,\u00a0<strong>Siyoon<\/strong>, do\u00a0Billie<strong>,<\/strong>\u00a0<strong>Chaerin<\/strong>, do Cherry Bullet, e a solista <strong>Jeon Somi<\/strong>, que faz sua estreia nas telonas.<\/p>\n<p>As grava\u00e7\u00f5es tiveram in\u00edcio nesta semana na Tail\u00e2ndia, e ainda n\u00e3o t\u00eam uma previs\u00e3o de lan\u00e7amento.<\/p>\n<p> Mais sobre Perfect Girl <\/p>\n<p>Com dire\u00e7\u00e3o de <strong>Hong Won Ki,<\/strong> fundador da produtora sul-coreana Zanybros, o filme conta com roteiro assinado por <strong>Lynn Q. Yu, <\/strong>que iniciou a escrita em 2023, o descrevendo como um\u00a0\u201cencontro de \u2018<a href=\"https:\/\/pt.wikipedia.org\/wiki\/Scream_(s%C3%A9rie_de_filmes)\" target=\"_blank\" rel=\"noopener nofollow\">Scream<\/a>\u2019 e \u2018<a href=\"https:\/\/www.disneyplus.com\/pt-br\/browse\/entity-0de850bd-a343-4dd7-86c4-c008cdaca86f\" target=\"_blank\" rel=\"noopener nofollow\">Cisne Negro<\/a>\u2019\u201d, e ir\u00e1 apresentar a hist\u00f3ria de um grupo de k-pop que est\u00e1 se preparando para sua estreia.\u00a0<\/p>\n<p>Por ser uma obra baseada na ind\u00fastria do g\u00eanero sul-coreano, a produ\u00e7\u00e3o tamb\u00e9m contar\u00e1 com seis faixas originais e in\u00e9ditas escritas por <a href=\"https:\/\/www.instagram.com\/somsomi0309\/?hl=en\" target=\"_blank\" rel=\"noopener nofollow\"><strong>Jeon Somi<\/strong><\/a>, que traz uma diversidade ao longa. Segundo produtor <strong>Scott Strauss<\/strong>, \u201cO diretor Hong reuniu um elenco internacional dos sonhos para dar vida \u00e0 sua vis\u00e3o \u00fanica e divertida para um filme de terror ambientado no universo do K-Pop\u201d.<\/p>\n<p>A sinopse oficial, repercutida pela revista, diz: \u201cCom apenas quatro vagas dispon\u00edveis e o corte final a uma semana de dist\u00e2ncia, a competi\u00e7\u00e3o \u00e9 acirrada. Quando uma nova garota talentosa e misteriosa \u00e9 apresentada de \u00faltima hora, as coisas come\u00e7am a ficar estranhas \u2014 garotas est\u00e3o sendo ca\u00e7adas e atacadas uma a uma, mas quem \u00e9 o respons\u00e1vel pela carnificina e, mais importante\u2026 quem chegar\u00e1 ao corte final?\u201d.<\/p>\n<p>\t                                            <script async src=\"\/\/www.instagram.com\/embed.js\"><\/script><\/p>\n","protected":false},"excerpt":{"rendered":"Nesta sexta-feira, 31, foi confirmado a inclus\u00e3o de May Hong, atriz conhecida por dublar Mira em \u2018Guerreiras do&hellip;\n","protected":false},"author":2,"featured_media":134504,"comment_status":"","ping_status":"","sticky":false,"template":"","format":"standard","meta":{"footnotes":""},"categories":[141],"tags":[1415,10195,30323,114,115,148,4550,1688,30324,149,150,16631,32,33],"class_list":{"0":"post-134503","1":"post","2":"type-post","3":"status-publish","4":"format-standard","5":"has-post-thumbnail","7":"category-musica","8":"tag-animacao","9":"tag-animacoes","10":"tag-arden-cho","11":"tag-entertainment","12":"tag-entretenimento","13":"tag-filmes","14":"tag-guerreiras-do-k-pop","15":"tag-k-pop","16":"tag-may-hong","17":"tag-music","18":"tag-musica","19":"tag-perfect-girl","20":"tag-portugal","21":"tag-pt"},"share_on_mastodon":{"url":"https:\/\/pubeurope.com\/@pt\/115470631383960923","error":""},"_links":{"self":[{"href":"https:\/\/www.europesays.com\/pt\/wp-json\/wp\/v2\/posts\/134503","targetHints":{"allow":["GET"]}}],"collection":[{"href":"https:\/\/www.europesays.com\/pt\/wp-json\/wp\/v2\/posts"}],"about":[{"href":"https:\/\/www.europesays.com\/pt\/wp-json\/wp\/v2\/types\/post"}],"author":[{"embeddable":true,"href":"https:\/\/www.europesays.com\/pt\/wp-json\/wp\/v2\/users\/2"}],"replies":[{"embeddable":true,"href":"https:\/\/www.europesays.com\/pt\/wp-json\/wp\/v2\/comments?post=134503"}],"version-history":[{"count":0,"href":"https:\/\/www.europesays.com\/pt\/wp-json\/wp\/v2\/posts\/134503\/revisions"}],"wp:featuredmedia":[{"embeddable":true,"href":"https:\/\/www.europesays.com\/pt\/wp-json\/wp\/v2\/media\/134504"}],"wp:attachment":[{"href":"https:\/\/www.europesays.com\/pt\/wp-json\/wp\/v2\/media?parent=134503"}],"wp:term":[{"taxonomy":"category","embeddable":true,"href":"https:\/\/www.europesays.com\/pt\/wp-json\/wp\/v2\/categories?post=134503"},{"taxonomy":"post_tag","embeddable":true,"href":"https:\/\/www.europesays.com\/pt\/wp-json\/wp\/v2\/tags?post=134503"}],"curies":[{"name":"wp","href":"https:\/\/api.w.org\/{rel}","templated":true}]}}