{"id":134507,"date":"2025-10-31T20:20:12","date_gmt":"2025-10-31T20:20:12","guid":{"rendered":"https:\/\/www.europesays.com\/pt\/134507\/"},"modified":"2025-10-31T20:20:12","modified_gmt":"2025-10-31T20:20:12","slug":"ha-jogadores-que-chegam-a-equipa-principal-e-veem-outros-da-mesma-idade-que-custaram-10-ou-12-ou-15-milhoes-de-euros-que-tem-um-salario-muito-desproporcional","status":"publish","type":"post","link":"https:\/\/www.europesays.com\/pt\/134507\/","title":{"rendered":"\u00abH\u00e1 jogadores que chegam \u00e0 equipa principal e veem outros da mesma idade que custaram 10 ou 12 ou 15 milh\u00f5es de euros que t\u00eam um sal\u00e1rio muito desproporcional\u00bb"},"content":{"rendered":"<p>&#8211; Advertisement &#8211;<\/p>\n<p><strong>Nuno Gomes concedeu uma entrevista ao jornal A Bola. Antigo avan\u00e7ado \u00e9 candidato a vice-presidente do Benfica na lista de Jo\u00e3o Noronha Lopes.  <\/strong><\/p>\n<p>Nuno Gomes foi entrevistado pelo jornal A Bola, a pouco mais de uma semana da segunda volta das elei\u00e7\u00f5es do Benfica. O candidato a vice-presidente na lista de Jo\u00e3o Noronha Lopes comentou a sa\u00edda de Jo\u00e3o Neves. <\/p>\n<p>\u00ab\u00c9 sempre muito dif\u00edcil falar sem conhecimento de causa.\u00a0 O que acho \u00e9 que, em rela\u00e7\u00e3o ao Jo\u00e3o Neves e em rela\u00e7\u00e3o a futuros Jo\u00f5es Neves, o que n\u00f3s queremos fazer \u00e9 n\u00e3o ser reativos.\u00a0\u00c9 poder ter uma gest\u00e3o mais integrada, dar valor e reconhecer o m\u00e9rito aos jogadores da forma\u00e7\u00e3o. Dar-lhes um acompanhamento mais especializado em todas as \u00e1reas, n\u00e3o s\u00f3 no campo, mas tamb\u00e9m fora dele. H\u00e1 jogadores que chegam \u00e0 equipa principal, come\u00e7am a afirmar-se e olham para o lado e veem outros jogadores, tamb\u00e9m da mesma idade, mas que custaram 10 ou 12 ou 15 milh\u00f5es de euros, que vieram do estrangeiro e que t\u00eam um sal\u00e1rio muito desproporcional em rela\u00e7\u00e3o ao sal\u00e1rio que eles t\u00eam.\u00a0N\u00f3s vamos querer reconhecer aquilo que \u00e9 o m\u00e9rito e a import\u00e2ncia desse jogador na equipa.\u00a0Queremos ter jogadores na equipa principal que saibam o que \u00e9 o Benfica, que tenham passado pelo processo do Seixal, com essa identidade e m\u00edstica que n\u00f3s queremos devolver \u00e0 equipa. Queremos aproximar a equipa dos adeptos, e isso tamb\u00e9m se faz com jogadores que sentem o mesmo que os adeptos\u00bb, destacou Nuno Gomes. <\/p>\n<p>As elei\u00e7\u00f5es para a segunda volta est\u00e3o agendadas para o dia 8 de novembro. Recorda ao detalhe\u00a0<a href=\"https:\/\/bolanarede.pt\/especial-bola-na-rede\/atualidade\/resultados-oficiais-do-benfica-ao-minuto-a-atualizacao-constante-dos-resultados-confirmados\/\" target=\"_blank\" rel=\"noreferrer noopener nofollow\">os resultados da primeira vota\u00e7\u00e3o<\/a>.<\/p>\n<p>L\u00ea outras<a href=\"https:\/\/bolanarede.pt\/etiqueta\/nuno-gomes\/\" target=\"_blank\" rel=\"noreferrer noopener nofollow\"> declara\u00e7\u00f5es de Nuno Gomes na mesma entrevista.<\/a><\/p>\n","protected":false},"excerpt":{"rendered":"&#8211; Advertisement &#8211; Nuno Gomes concedeu uma entrevista ao jornal A Bola. Antigo avan\u00e7ado \u00e9 candidato a vice-presidente&hellip;\n","protected":false},"author":2,"featured_media":134508,"comment_status":"","ping_status":"","sticky":false,"template":"","format":"standard","meta":{"footnotes":""},"categories":[87],"tags":[260,51,135,8374,9940,7260,32,33,134],"class_list":{"0":"post-134507","1":"post","2":"type-post","3":"status-publish","4":"format-standard","5":"has-post-thumbnail","7":"category-desporto","8":"tag-atualidade","9":"tag-benfica","10":"tag-desporto","11":"tag-joao-neves","12":"tag-joao-noronha-lopes","13":"tag-nuno-gomes","14":"tag-portugal","15":"tag-pt","16":"tag-sports"},"share_on_mastodon":{"url":"https:\/\/pubeurope.com\/@pt\/115470639539423984","error":""},"_links":{"self":[{"href":"https:\/\/www.europesays.com\/pt\/wp-json\/wp\/v2\/posts\/134507","targetHints":{"allow":["GET"]}}],"collection":[{"href":"https:\/\/www.europesays.com\/pt\/wp-json\/wp\/v2\/posts"}],"about":[{"href":"https:\/\/www.europesays.com\/pt\/wp-json\/wp\/v2\/types\/post"}],"author":[{"embeddable":true,"href":"https:\/\/www.europesays.com\/pt\/wp-json\/wp\/v2\/users\/2"}],"replies":[{"embeddable":true,"href":"https:\/\/www.europesays.com\/pt\/wp-json\/wp\/v2\/comments?post=134507"}],"version-history":[{"count":0,"href":"https:\/\/www.europesays.com\/pt\/wp-json\/wp\/v2\/posts\/134507\/revisions"}],"wp:featuredmedia":[{"embeddable":true,"href":"https:\/\/www.europesays.com\/pt\/wp-json\/wp\/v2\/media\/134508"}],"wp:attachment":[{"href":"https:\/\/www.europesays.com\/pt\/wp-json\/wp\/v2\/media?parent=134507"}],"wp:term":[{"taxonomy":"category","embeddable":true,"href":"https:\/\/www.europesays.com\/pt\/wp-json\/wp\/v2\/categories?post=134507"},{"taxonomy":"post_tag","embeddable":true,"href":"https:\/\/www.europesays.com\/pt\/wp-json\/wp\/v2\/tags?post=134507"}],"curies":[{"name":"wp","href":"https:\/\/api.w.org\/{rel}","templated":true}]}}