{"id":13456,"date":"2025-08-02T21:33:22","date_gmt":"2025-08-02T21:33:22","guid":{"rendered":"https:\/\/www.europesays.com\/pt\/13456\/"},"modified":"2025-08-02T21:33:22","modified_gmt":"2025-08-02T21:33:22","slug":"a-faixa-de-no-more-tears-que-regis-tadeu-considera-subestimada","status":"publish","type":"post","link":"https:\/\/www.europesays.com\/pt\/13456\/","title":{"rendered":"A faixa de &#8220;No More Tears&#8221; que Regis Tadeu considera &#8220;subestimada&#8221;"},"content":{"rendered":"<p>Lan\u00e7ado em setembro de 1991, &#8220;No More Tears&#8221; \u00e9 o sexto \u00e1lbum de est\u00fadio da carreira solo do lend\u00e1rio <a href=\"https:\/\/whiplash.net\/bandas\/o\/ozzyosbourne.html\" class=\"hotwords\" rel=\"nofollow noopener\" target=\"_blank\">Ozzy Osbourne<\/a>. Sucessor de &#8220;No Rest for the Wicked&#8221; (1988), o disco apresenta alguns dos maiores sucessos do Madman, com destaque para a poderosa faixa-t\u00edtulo e a balada emocional &#8220;Mama, I&#8217;m Coming Home&#8221;.<\/p>\n<p><a href=\"https:\/\/whiplash.net\/bandas\/o\/ozzyosbourne.html\" class=\"linkBotao\" rel=\"nofollow noopener\" target=\"_blank\">Ozzy Osbourne &#8211; Mais Novidades<\/a><br \/><a target=\"_blank\" href=\"https:\/\/www.europesays.com\/pt\/wp-content\/uploads\/2025\/08\/ozzy_osbourne_no_more_tears.jpg\"><img loading=\"lazy\" decoding=\"async\" src=\"https:\/\/www.europesays.com\/pt\/wp-content\/uploads\/2025\/08\/ozzy_osbourne_no_more_tears.jpg\" class=\"widthConstrained\" width=\"700\" height=\"459\" alt=\"Foto: Reprodu\u00e7\u00e3o YouTube Oficial\"\/><\/a>Foto: Reprodu\u00e7\u00e3o YouTube Oficial<\/p>\n<p>CONTINUA DEPOIS DA PUBLICIDADE &#8211; CLI<\/p>\n<p>&#13;<br \/>\n&#13;<br \/>\n&#13;<br \/>\n&#13;<br \/>\n&#13;<br \/>\n&#13;<br \/>\n&#13;<br \/>\n&#13;<br \/>\n<a href=\"https:\/\/whiplash.net\/materias\/whiplash\/027002.html\" rel=\"nofollow noopener\" target=\"_blank\"><img decoding=\"async\" src=\"https:\/\/www.europesays.com\/pt\/wp-content\/uploads\/2025\/08\/1754106488_658_anunciar_diabo_336x280.gif\" loading=\"lazy\" width=\"336\" height=\"280\" class=\"widthConstrained\" style=\"background-color:#000000;display:block;\" alt=\"Anunciar bandas e shows de Rock e Heavy Metal\"\/><\/a>&#13;<\/p>\n<p>A tracklist do \u00e1lbum tamb\u00e9m inclui composi\u00e7\u00f5es marcantes como &#8220;I Don&#8217;t Want to Change the World&#8221;, &#8220;Desire&#8221;, &#8220;Hellraiser&#8221; e a inquietante &#8220;Mr. Tinkertrain&#8221;. Outra faixa do disco, que apesar de seus m\u00e9ritos n\u00e3o figura entre as mais lembradas, \u00e9 &#8220;Won&#8217;t Be Coming Home (S.I.N.)&#8221; \u2014 m\u00fasica que, <a href=\"https:\/\/www.setlist.fm\/stats\/albums\/ozzy-osbourne-1bd681dc.html\" rel=\"nofollow noopener\" target=\"_blank\">curiosamente, jamais foi executada ao vivo pela banda de Ozzy<\/a>.<\/p>\n<p>Na opini\u00e3o do cr\u00edtico musical Regis Tadeu, &#8220;Won&#8217;t Be Coming Home (S.I.N.)&#8221; \u00e9 uma joia subestimada da discografia de Ozzy. Em um v\u00eddeo publicado em seu canal no <a href=\"https:\/\/youtu.be\/hbZgiQj2RWk\" rel=\"nofollow noopener\" target=\"_blank\">YouTube<\/a>, a partir dos 9 minutos e 33 segundos, ele compartilha sua an\u00e1lise sobre a m\u00fasica.<\/p>\n<p>CONTINUA DEPOIS DA PUBLICIDADE &#8211; GOO<\/p>\n<p>&#13;<br \/>\n&#13;<br \/>\n&#13;<br \/>\n&#13;<br \/>\n<a href=\"https:\/\/whiplash.net\/materias\/whiplash\/027002.html\" rel=\"nofollow noopener\" target=\"_blank\"><img decoding=\"async\" src=\"https:\/\/www.europesays.com\/pt\/wp-content\/uploads\/2025\/08\/1754106488_658_anunciar_diabo_336x280.gif\" loading=\"lazy\" width=\"336\" height=\"280\" alt=\"Anunciar no Whiplash.Net\"\/><\/a>&#13;<br \/>\n&#13;<br \/>\n&#13;<br \/>\n&#13;<br \/>\n&#13;<br \/>\n&#13;<br \/>\n<a href=\"https:\/\/whiplash.net\/materias\/whiplash\/027002.html\" rel=\"nofollow noopener\" target=\"_blank\"><img decoding=\"async\" src=\"https:\/\/www.europesays.com\/pt\/wp-content\/uploads\/2025\/08\/1754106488_658_anunciar_diabo_336x280.gif\" loading=\"lazy\" width=\"336\" height=\"280\" class=\"widthConstrained\" style=\"background-color:#000000;display:block;\" alt=\"Anunciar bandas e shows de Rock e Heavy Metal\"\/><\/a>&#13;<\/p>\n<p>&#8220;Esse disco tamb\u00e9m tem um personagem muito importante, que infelizmente n\u00e3o est\u00e1 mais entre n\u00f3s, que \u00e9 o batera, o Randy Castillo. Ele inclusive \u00e9 coautor de v\u00e1rias m\u00fasicas desse disco aqui, como aquela \u2018S.I.N.\u2019, que na verdade \u00e9 abrevia\u00e7\u00e3o de \u2018Shadow in the Night\u2019 e que tinha como subt\u00edtulo \u2018Won&#8217;t Be Coming Home\u2019.<\/p>\n<p>Inclusive essa m\u00fasica, pouca gente comenta a respeito dela, tem um dos solos de <a href=\"https:\/\/whiplash.net\/temas\/i\/instrumentos.html\" class=\"hotwords\" rel=\"nofollow noopener\" target=\"_blank\">guitarra<\/a> mais legais do <a href=\"https:\/\/whiplash.net\/bandas\/z\/zakkwylde.html\" class=\"hotwords\" rel=\"nofollow noopener\" target=\"_blank\">Zakk Wylde<\/a>. E pra mim, \u00e9 uma can\u00e7\u00e3o muito subestimada dentro da discografia do Ozzy.&#8221;<\/p>\n<p>Al\u00e9m de &#8220;No More Tears&#8221;, Randy Castillo gravou outros dois \u00e1lbuns com a banda de Ozzy Osbourne: &#8220;The Ultimate Sin&#8221; (1986) e &#8220;No Rest for the Wicked&#8221;. O talentoso baterista faleceu em 26 de mar\u00e7o de 2002, aos 51 anos, v\u00edtima de c\u00e2ncer.<\/p>\n<p>CONTINUA DEPOIS DA PUBLICIDADE &#8211; CLI<\/p>\n<p>&#13;<br \/>\n&#13;<br \/>\n&#13;<br \/>\n&#13;<br \/>\n&#13;<br \/>\n&#13;<br \/>\n&#13;<br \/>\n&#13;<br \/>\n<a href=\"https:\/\/whiplash.net\/materias\/whiplash\/027002.html\" rel=\"nofollow noopener\" target=\"_blank\"><img decoding=\"async\" src=\"https:\/\/www.europesays.com\/pt\/wp-content\/uploads\/2025\/08\/1754106488_658_anunciar_diabo_336x280.gif\" loading=\"lazy\" width=\"336\" height=\"280\" class=\"widthConstrained\" style=\"background-color:#000000;display:block;\" alt=\"Anunciar bandas e shows de Rock e Heavy Metal\"\/><\/a>&#13;<\/p>\n<p>Ozzy Osbourne tamb\u00e9m nos deixou recentemente. O ic\u00f4nico vocalista ingl\u00eas faleceu em 22 de julho deste ano, <a href=\"https:\/\/whiplash.net\/assuntos\/m\/morteozzyosbourne.html\" rel=\"nofollow noopener\" target=\"_blank\">apenas 17 dias ap\u00f3s realizar o \u00faltimo show de sua carreira<\/a>.<\/p>\n","protected":false},"excerpt":{"rendered":"Lan\u00e7ado em setembro de 1991, &#8220;No More Tears&#8221; \u00e9 o sexto \u00e1lbum de est\u00fadio da carreira solo do&hellip;\n","protected":false},"author":2,"featured_media":13457,"comment_status":"","ping_status":"","sticky":false,"template":"","format":"standard","meta":{"footnotes":""},"categories":[141],"tags":[114,115,149,150,32,33],"class_list":{"0":"post-13456","1":"post","2":"type-post","3":"status-publish","4":"format-standard","5":"has-post-thumbnail","7":"category-musica","8":"tag-entertainment","9":"tag-entretenimento","10":"tag-music","11":"tag-musica","12":"tag-portugal","13":"tag-pt"},"share_on_mastodon":{"url":"","error":""},"_links":{"self":[{"href":"https:\/\/www.europesays.com\/pt\/wp-json\/wp\/v2\/posts\/13456","targetHints":{"allow":["GET"]}}],"collection":[{"href":"https:\/\/www.europesays.com\/pt\/wp-json\/wp\/v2\/posts"}],"about":[{"href":"https:\/\/www.europesays.com\/pt\/wp-json\/wp\/v2\/types\/post"}],"author":[{"embeddable":true,"href":"https:\/\/www.europesays.com\/pt\/wp-json\/wp\/v2\/users\/2"}],"replies":[{"embeddable":true,"href":"https:\/\/www.europesays.com\/pt\/wp-json\/wp\/v2\/comments?post=13456"}],"version-history":[{"count":0,"href":"https:\/\/www.europesays.com\/pt\/wp-json\/wp\/v2\/posts\/13456\/revisions"}],"wp:featuredmedia":[{"embeddable":true,"href":"https:\/\/www.europesays.com\/pt\/wp-json\/wp\/v2\/media\/13457"}],"wp:attachment":[{"href":"https:\/\/www.europesays.com\/pt\/wp-json\/wp\/v2\/media?parent=13456"}],"wp:term":[{"taxonomy":"category","embeddable":true,"href":"https:\/\/www.europesays.com\/pt\/wp-json\/wp\/v2\/categories?post=13456"},{"taxonomy":"post_tag","embeddable":true,"href":"https:\/\/www.europesays.com\/pt\/wp-json\/wp\/v2\/tags?post=13456"}],"curies":[{"name":"wp","href":"https:\/\/api.w.org\/{rel}","templated":true}]}}