{"id":134582,"date":"2025-10-31T21:18:06","date_gmt":"2025-10-31T21:18:06","guid":{"rendered":"https:\/\/www.europesays.com\/pt\/134582\/"},"modified":"2025-10-31T21:18:06","modified_gmt":"2025-10-31T21:18:06","slug":"cara-da-tvi-reage-a-provocacao-de-catarina-miranda-e-responde-a-letra-venha-ela-e-mais-dez-secret-story","status":"publish","type":"post","link":"https:\/\/www.europesays.com\/pt\/134582\/","title":{"rendered":"Cara da TVI reage a provoca\u00e7\u00e3o de Catarina Miranda e responde \u00e0 letra: \u00abVenha ela e mais dez\u00bb &#8211; Secret Story"},"content":{"rendered":"<p data-end=\"313\" data-start=\"80\">Z\u00e9 Lopes foi o mais recente convidado do \u201cCala-te Boca\u201d, programa da Mega Hits, e acabou por ser surpreendido com uma mensagem especial na rubrica \u201cO Infiltrado\u201d. Quem lhe enviou o desafio foi Catarina Miranda, que lhe perguntou: \u00abPreferias nunca mais aparecer em antena ou ter de apresentar um programa comigo para sempre?\u00bb<\/p>\n<p data-end=\"553\" data-start=\"414\">Entre risos, Z\u00e9 n\u00e3o fugiu \u00e0 quest\u00e3o e aproveitou para esclarecer o seu atual posicionamento em rela\u00e7\u00e3o \u00e0 ex-concorrente de reality shows: \u00abNunca tive nada contra a Catarina, apenas n\u00e3o me identifiquei com a postura dela na casa dos concorrentes.\u00bb<\/p>\n<p data-end=\"553\" data-start=\"414\">Confrontado com a pergunta, o comentador respondeu com humor, mas tamb\u00e9m com maturidade profissional: \u00abEntre ter de terminar com o meu sonho e ter de conviver com a Catarina todos os dias\u2026 Que venha a Catarina e mais dez! Eu sei ser profissional e isolar isso.\u00bb<\/p>\n<p data-end=\"553\" data-start=\"414\">\u00a0<\/p>\n<p data-end=\"771\" data-start=\"668\">Z\u00e9 Lopes aproveitou ainda o momento para deixar uma mensagem a Catarina Miranda e a Afonso Leit\u00e3o, que recentemente assumiram uma rela\u00e7\u00e3o amorosa: \u00abA Catarina s\u00f3 precisava de algu\u00e9m que a amasse e, se calhar, encontrou isso. Precisava de valida\u00e7\u00e3o.\u00bb<\/p>\n<p data-end=\"1279\" data-start=\"1194\">O comentador da TVI recordou tamb\u00e9m a fase em que Catarina era comentadora na CMTV: \u00abA Catarina era comentadora na CMTV e falava mal de mim sempre\u2026 ao contr\u00e1rio nunca aconteceu.\u00bb<\/p>\n<p data-end=\"1527\" data-is-last-node=\"\" data-is-only-node=\"\" data-start=\"1380\">Com sinceridade e sem ressentimentos, Z\u00e9 mostrou estar em paz com o passado e aberto a ter uma conversa com Catarina Miranda.<\/p>\n<p data-end=\"1527\" data-is-last-node=\"\" data-is-only-node=\"\" data-start=\"1380\">Veja a conversa na integra:<\/p>\n<p data-end=\"1527\" data-is-last-node=\"\" data-is-only-node=\"\" data-start=\"1380\">\u00a0<\/p>\n","protected":false},"excerpt":{"rendered":"Z\u00e9 Lopes foi o mais recente convidado do \u201cCala-te Boca\u201d, programa da Mega Hits, e acabou por ser&hellip;\n","protected":false},"author":2,"featured_media":134583,"comment_status":"","ping_status":"","sticky":false,"template":"","format":"standard","meta":{"footnotes":""},"categories":[142],"tags":[2031,8113,2632,342,329,333,328,335,336,114,115,334,330,1326,338,19019,13,32,33,1315,8174,151,162,19020,227,6971],"class_list":{"0":"post-134582","1":"post","2":"type-post","3":"status-publish","4":"format-standard","5":"has-post-thumbnail","7":"category-tv","8":"tag-afonso-leitao","9":"tag-alice-alves","10":"tag-casa-dos-segredos","11":"tag-catarina-miranda","12":"tag-claudio-ramos","13":"tag-comentadores","14":"tag-concorrentes","15":"tag-confrontos","16":"tag-discussoes","17":"tag-entertainment","18":"tag-entretenimento","19":"tag-exclusivos","20":"tag-gala","21":"tag-mafalda-castro","22":"tag-maria-botelho-moniz","23":"tag-marta-cardoso","24":"tag-noticias","25":"tag-portugal","26":"tag-pt","27":"tag-secret-story","28":"tag-segredos","29":"tag-tv","30":"tag-tvi","31":"tag-video-do-dia","32":"tag-videos","33":"tag-ze-lopes"},"share_on_mastodon":{"url":"https:\/\/pubeurope.com\/@pt\/115470867225982193","error":""},"_links":{"self":[{"href":"https:\/\/www.europesays.com\/pt\/wp-json\/wp\/v2\/posts\/134582","targetHints":{"allow":["GET"]}}],"collection":[{"href":"https:\/\/www.europesays.com\/pt\/wp-json\/wp\/v2\/posts"}],"about":[{"href":"https:\/\/www.europesays.com\/pt\/wp-json\/wp\/v2\/types\/post"}],"author":[{"embeddable":true,"href":"https:\/\/www.europesays.com\/pt\/wp-json\/wp\/v2\/users\/2"}],"replies":[{"embeddable":true,"href":"https:\/\/www.europesays.com\/pt\/wp-json\/wp\/v2\/comments?post=134582"}],"version-history":[{"count":0,"href":"https:\/\/www.europesays.com\/pt\/wp-json\/wp\/v2\/posts\/134582\/revisions"}],"wp:featuredmedia":[{"embeddable":true,"href":"https:\/\/www.europesays.com\/pt\/wp-json\/wp\/v2\/media\/134583"}],"wp:attachment":[{"href":"https:\/\/www.europesays.com\/pt\/wp-json\/wp\/v2\/media?parent=134582"}],"wp:term":[{"taxonomy":"category","embeddable":true,"href":"https:\/\/www.europesays.com\/pt\/wp-json\/wp\/v2\/categories?post=134582"},{"taxonomy":"post_tag","embeddable":true,"href":"https:\/\/www.europesays.com\/pt\/wp-json\/wp\/v2\/tags?post=134582"}],"curies":[{"name":"wp","href":"https:\/\/api.w.org\/{rel}","templated":true}]}}