{"id":134588,"date":"2025-10-31T21:22:17","date_gmt":"2025-10-31T21:22:17","guid":{"rendered":"https:\/\/www.europesays.com\/pt\/134588\/"},"modified":"2025-10-31T21:22:17","modified_gmt":"2025-10-31T21:22:17","slug":"campanha-nacional-de-multivacinacao-termina-com-mais-de-146-mil-doses-aplicadas-no-espirito-santo","status":"publish","type":"post","link":"https:\/\/www.europesays.com\/pt\/134588\/","title":{"rendered":"Campanha Nacional de Multivacina\u00e7\u00e3o termina com mais de 146 mil doses aplicadas no Esp\u00edrito Santo"},"content":{"rendered":"<p>Em quase um m\u00eas de mobiliza\u00e7\u00e3o, a Campanha Nacional de Multivacina\u00e7\u00e3o terminou nesta sexta-feira (31) em todo Pa\u00eds. No Esp\u00edrito Santo, at\u00e9 a \u00faltima ter\u00e7a-feira (28), a Secretaria da Sa\u00fade (Sesa), por meio do Programa Estadual de Imuniza\u00e7\u00f5es (PEI), j\u00e1 contabilizou 146.501 mil doses aplicadas em crian\u00e7as e adolescentes menores de 15 anos. Os dados s\u00e3o parciais.<\/p>\n<p>A Campanha de Multivacina\u00e7\u00e3o teve in\u00edcio no dia 06 de outubro, e se caracterizou por ser uma estrat\u00e9gia de vacina\u00e7\u00e3o realizada de forma seletiva, visando alcan\u00e7ar crian\u00e7as e adolescentes que ainda n\u00e3o receberam as vacinas previstas no Calend\u00e1rio Nacional ou daqueles que est\u00e3o com esquemas incompletos.<\/p>\n<p>No Estado, segundo dados do sistema Vacina e Confia (VeC), as vacinas mais buscadas foram da Influenza, Poliomielite (polio inativada), a Dupla Adulto \u2013 dT e a contra a Dengue, somando 54.434 doses aplicadas.<\/p>\n<p>Segundo a refer\u00eancia t\u00e9cnica do PEI, Danielle Grillo, mesmo com os dados parciais, o quantitativo de doses aplicadas dos dias 06 a 28 de outubro j\u00e1 mostra um aumento de quase 20% quando comparada ao per\u00edodo anterior do in\u00edcio da campanha, de 13 de setembro a 05 de outubro (totalizando os mesmos 23 dias). Nesse \u00faltimo per\u00edodo foram registradas 124.353 mil doses aplicadas.<\/p>\n<p>\u201c\u00c9 o resultado de um trabalho e dedica\u00e7\u00e3o dos profissionais de sa\u00fade e, tamb\u00e9m, dos pais e respons\u00e1veis, que levaram suas crian\u00e7as para colocar o cart\u00e3o de vacina\u00e7\u00e3o em dia\u201d, comemorou a refer\u00eancia t\u00e9cnica.<\/p>\n<p>Daniele Grillo lembrou tamb\u00e9m do sucesso dos capixabas no D de Mobiliza\u00e7\u00e3o da campanha, realizado no \u00faltimo dia 18. Na oportunidade, o Esp\u00edrito Santo totalizou mais de 22 mil doses aplicadas em um \u00fanico dia e foi o estado que alcan\u00e7ou mais de 98% de doses registradas no monitoramento realizado pelo Minist\u00e9rio da Sa\u00fade, ficando atr\u00e1s apenas do Distrito Federal. \u201cEsse desempenho reflete o comprometimento das equipes municipais com o registro oportuno das informa\u00e7\u00f5es de vacina\u00e7\u00e3o, etapa essencial para o acompanhamento e fortalecimento das a\u00e7\u00f5es de imuniza\u00e7\u00e3o no Estado\u201d, disse.<\/p>\n<p>A fonte explicou ainda que os dados ser\u00e3o atualizados na pr\u00f3xima semana para fechamento final, e destacou que a vacina\u00e7\u00e3o de rotina continua em todos os munic\u00edpios.<\/p>\n<p>\u201cMesmo quem n\u00e3o teve a oportunidade de se vacinar neste per\u00edodo de Campanha, as doses continuam sendo ofertadas na rotina, no servi\u00e7o de vacina\u00e7\u00e3o mais pr\u00f3ximo\u201d, afirmou.<\/p>\n<p>Abaixo os dados de doses aplicadas por imunizantes:<\/p>\n<ul>&#13;<\/p>\n<li>BCG: 2.216<\/li>\n<p>&#13;<\/p>\n<li>Covid-19: 4.267<\/li>\n<p>&#13;<\/p>\n<li>Dengue (atenuada): 11.246<\/li>\n<p>&#13;<\/p>\n<li>Penta: 7.839<\/li>\n<p>&#13;<\/p>\n<li>Dupla Adulto \u2013 dT: 12.914<\/li>\n<p>&#13;<\/p>\n<li>Febre Amarela:\u00a0 9.208<\/li>\n<p>&#13;<\/p>\n<li>Hepatite A: 3.150<\/li>\n<p>&#13;<\/p>\n<li>Hepatite B: 9.955<\/li>\n<p>&#13;<\/p>\n<li>HPV: 4.468<\/li>\n<p>&#13;<\/p>\n<li>Influenza: 17.018<\/li>\n<p>&#13;<\/p>\n<li>Meningoc\u00f3cica Acwy: 7.220<\/li>\n<p>&#13;<\/p>\n<li>Meningoc\u00f3cica C: 5.751<\/li>\n<p>&#13;<\/p>\n<li>Pneumoc\u00f3cica 10v: 8.242<\/li>\n<p>&#13;<\/p>\n<li>Poliomielite Inativada (VIP): 13.256<\/li>\n<p>&#13;<\/p>\n<li>Tetra Viral: 4.079<\/li>\n<p>&#13;<\/p>\n<li>Tr\u00edplice Bacteriana \u2013 dtp: 6.023<\/li>\n<p>&#13;<\/p>\n<li>Tr\u00edplice Viral: 7.311<\/li>\n<p>&#13;<\/p>\n<li>Vacina Rotav\u00edrus Humano: 5.876<\/li>\n<p>&#13;<\/p>\n<li>Varicela: 6.462<\/li>\n<p>&#13;\n<\/ul>\n<p>\u00a0<\/p>\n<p><strong>Informa\u00e7\u00f5es \u00e0 Imprensa:<\/strong><\/p>\n<p>Assessoria de Comunica\u00e7\u00e3o da Sesa<\/p>\n<p>Syria Luppi \/ Luciana Almeida \/ Danielly Campos \/ Tha\u00edsa C\u00f4rtes \/ Ana Cl\u00e1udia dos Santos<\/p>\n<p><a href=\"https:\/\/saude.es.gov.br\/Not%C3%ADcia\/mailto:imprensa@saude.es.gov.br\" rel=\"nofollow noopener\" target=\"_blank\">imprensa@saude.es.gov.br<\/a><\/p>\n<p>\u00a0<\/p>\n","protected":false},"excerpt":{"rendered":"Em quase um m\u00eas de mobiliza\u00e7\u00e3o, a Campanha Nacional de Multivacina\u00e7\u00e3o terminou nesta sexta-feira (31) em todo Pa\u00eds.&hellip;\n","protected":false},"author":2,"featured_media":134589,"comment_status":"","ping_status":"","sticky":false,"template":"","format":"standard","meta":{"footnotes":""},"categories":[86],"tags":[924,116,32,33,117,10254],"class_list":{"0":"post-134588","1":"post","2":"type-post","3":"status-publish","4":"format-standard","5":"has-post-thumbnail","7":"category-saude","8":"tag-governo-do-estado-do-espirito-santo","9":"tag-health","10":"tag-portugal","11":"tag-pt","12":"tag-saude","13":"tag-sesa"},"share_on_mastodon":{"url":"https:\/\/pubeurope.com\/@pt\/115470882839742577","error":""},"_links":{"self":[{"href":"https:\/\/www.europesays.com\/pt\/wp-json\/wp\/v2\/posts\/134588","targetHints":{"allow":["GET"]}}],"collection":[{"href":"https:\/\/www.europesays.com\/pt\/wp-json\/wp\/v2\/posts"}],"about":[{"href":"https:\/\/www.europesays.com\/pt\/wp-json\/wp\/v2\/types\/post"}],"author":[{"embeddable":true,"href":"https:\/\/www.europesays.com\/pt\/wp-json\/wp\/v2\/users\/2"}],"replies":[{"embeddable":true,"href":"https:\/\/www.europesays.com\/pt\/wp-json\/wp\/v2\/comments?post=134588"}],"version-history":[{"count":0,"href":"https:\/\/www.europesays.com\/pt\/wp-json\/wp\/v2\/posts\/134588\/revisions"}],"wp:featuredmedia":[{"embeddable":true,"href":"https:\/\/www.europesays.com\/pt\/wp-json\/wp\/v2\/media\/134589"}],"wp:attachment":[{"href":"https:\/\/www.europesays.com\/pt\/wp-json\/wp\/v2\/media?parent=134588"}],"wp:term":[{"taxonomy":"category","embeddable":true,"href":"https:\/\/www.europesays.com\/pt\/wp-json\/wp\/v2\/categories?post=134588"},{"taxonomy":"post_tag","embeddable":true,"href":"https:\/\/www.europesays.com\/pt\/wp-json\/wp\/v2\/tags?post=134588"}],"curies":[{"name":"wp","href":"https:\/\/api.w.org\/{rel}","templated":true}]}}