{"id":134610,"date":"2025-10-31T21:37:13","date_gmt":"2025-10-31T21:37:13","guid":{"rendered":"https:\/\/www.europesays.com\/pt\/134610\/"},"modified":"2025-10-31T21:37:13","modified_gmt":"2025-10-31T21:37:13","slug":"alcoolizado-farrell-tentou-fala-46-vezes-e-irritou-cruise-observador","status":"publish","type":"post","link":"https:\/\/www.europesays.com\/pt\/134610\/","title":{"rendered":"Alcoolizado, Farrell tentou fala 46 vezes e irritou Cruise \u2013 Observador"},"content":{"rendered":"<p>Quase 50 tentativas. N\u00e3o \u00e9 costume, mas foi o que foi preciso para que o ator irland\u00eas Colin Farrell conseguisse, de ressaca e ainda parcialmente alcoolizado, dizer corretamente uma fala e permitir que as grava\u00e7\u00f5es do filme Minority Report prosseguissem \u2014 um comportamento que n\u00e3o deixou o parceiro de cena, Tom Cruise, particularmente feliz.<\/p>\n<p>O epis\u00f3dio aconteceu em 2002, quando os dois filmavam o conhecido filme de Steven Spielberg, mais concretamente a 31 de maio, dia do anivers\u00e1rio de Farrell, contou o ator no talk show de Steve Colbert, entre risos.<\/p>\n<p>Foi, segundo o relato de Farrell, \u201cum dos piores dias\u201d que j\u00e1 viveu num set de filmagens, neste caso aquele em que estava a filmar a hist\u00f3ria de um agente que usa um programa para prever homic\u00eddios \u2014 Tom Cruise \u00e9 acusado de um homic\u00eddio que ainda n\u00e3o cometeu.<\/p>\n<p>E foi um dos piores dias porque Farrell n\u00e3o queria trabalhar no seu anivers\u00e1rio, mas teve grava\u00e7\u00f5es marcadas para as seis da manh\u00e3. Isso n\u00e3o o impediu de festejar muito \u2014 e beber muito \u2014 no dia anterior, tendo acordado com o motorista que o ia buscar para trabalhar j\u00e1 \u00e0 porta de sua casa, avisando-o de que j\u00e1 estava dez minutos atrasado para se encaminhar para o set de filmagens.<\/p>\n<p>Foi l\u00e1 que tentou, por 46 vezes, dizer a seguinte fala: \u201cTenho a certeza de que j\u00e1 perceberam o paradoxo fundamental da tecnologia pr\u00e9-crime\u201d. Ficou-lhe na mem\u00f3ria, mas nesse dia estava incapaz de a dizer com convic\u00e7\u00e3o, logo a fala com que a cena que devia gravar arrancava. \u201cO Tom n\u00e3o ficou muito contente comigo\u201d, admitiu.<\/p>\n<p><a href=\"https:\/\/www.theguardian.com\/film\/2025\/oct\/30\/tom-cruise-angry-colin-farrell-drunk-on-minority-report\" rel=\"nofollow noopener\" target=\"_blank\">Como conta o The Guardian<\/a>, tr\u00eas anos depois deste epis\u00f3dio Farrell deu entrada, por sua iniciativa, num centro de reabilita\u00e7\u00e3o para se curar do v\u00edcio das drogas e do \u00e1lcool. E por isso mesmo o ator esclareceu, apesar do bom humor enquanto contava a hist\u00f3ria e fazia Colbert rir-se: \u201cIsto n\u00e3o \u00e9 bom\u201d.<\/p>\n","protected":false},"excerpt":{"rendered":"Quase 50 tentativas. N\u00e3o \u00e9 costume, mas foi o que foi preciso para que o ator irland\u00eas Colin&hellip;\n","protected":false},"author":2,"featured_media":134611,"comment_status":"","ping_status":"","sticky":false,"template":"","format":"standard","meta":{"footnotes":""},"categories":[85],"tags":[470,315,114,115,32,33],"class_list":{"0":"post-134610","1":"post","2":"type-post","3":"status-publish","4":"format-standard","5":"has-post-thumbnail","7":"category-entretenimento","8":"tag-cinema","9":"tag-cultura","10":"tag-entertainment","11":"tag-entretenimento","12":"tag-portugal","13":"tag-pt"},"share_on_mastodon":{"url":"https:\/\/pubeurope.com\/@pt\/115470941835018169","error":""},"_links":{"self":[{"href":"https:\/\/www.europesays.com\/pt\/wp-json\/wp\/v2\/posts\/134610","targetHints":{"allow":["GET"]}}],"collection":[{"href":"https:\/\/www.europesays.com\/pt\/wp-json\/wp\/v2\/posts"}],"about":[{"href":"https:\/\/www.europesays.com\/pt\/wp-json\/wp\/v2\/types\/post"}],"author":[{"embeddable":true,"href":"https:\/\/www.europesays.com\/pt\/wp-json\/wp\/v2\/users\/2"}],"replies":[{"embeddable":true,"href":"https:\/\/www.europesays.com\/pt\/wp-json\/wp\/v2\/comments?post=134610"}],"version-history":[{"count":0,"href":"https:\/\/www.europesays.com\/pt\/wp-json\/wp\/v2\/posts\/134610\/revisions"}],"wp:featuredmedia":[{"embeddable":true,"href":"https:\/\/www.europesays.com\/pt\/wp-json\/wp\/v2\/media\/134611"}],"wp:attachment":[{"href":"https:\/\/www.europesays.com\/pt\/wp-json\/wp\/v2\/media?parent=134610"}],"wp:term":[{"taxonomy":"category","embeddable":true,"href":"https:\/\/www.europesays.com\/pt\/wp-json\/wp\/v2\/categories?post=134610"},{"taxonomy":"post_tag","embeddable":true,"href":"https:\/\/www.europesays.com\/pt\/wp-json\/wp\/v2\/tags?post=134610"}],"curies":[{"name":"wp","href":"https:\/\/api.w.org\/{rel}","templated":true}]}}