{"id":134642,"date":"2025-10-31T22:05:11","date_gmt":"2025-10-31T22:05:11","guid":{"rendered":"https:\/\/www.europesays.com\/pt\/134642\/"},"modified":"2025-10-31T22:05:11","modified_gmt":"2025-10-31T22:05:11","slug":"radio-condestavel-serta-ic8-acidente-condiciona-transito","status":"publish","type":"post","link":"https:\/\/www.europesays.com\/pt\/134642\/","title":{"rendered":"R\u00e1dio Condest\u00e1vel | SERT\u00c3\/IC8: Acidente condiciona tr\u00e2nsito"},"content":{"rendered":"<p>                                                                                &#13;<br \/>\n                                                &#13;<br \/>\n                                                    <img decoding=\"async\" src=\"https:\/\/www.europesays.com\/pt\/wp-content\/uploads\/2025\/10\/acidenteic831_10_25.jpg\" alt=\"SERT\u00c3\/IC8: Acidente condiciona tr\u00e2nsito\" class=\"img-responsive\" stule=\"margin: 0 auto\"\/>&#13;<\/p>\n<p>                                    <img decoding=\"async\" src=\"https:\/\/www.europesays.com\/pt\/wp-content\/uploads\/2025\/10\/1761948311_292_acidenteic831_10_25.jpg\" style=\"display:none\"\/><\/p>\n<p>Uma colis\u00e3o rodovi\u00e1ria entre dois ligeiros, ocorrida no IC8 junto \u00e0 localidade de Codiceira, perto da Sert\u00e3, est\u00e1 a condicionar o tr\u00e2nsito naquela via.<br \/>O alerta foi dado \u00e0s 16:50 e no local est\u00e3o 13 operacionais onde se inclui a GNR e cinco viaturas. Da colis\u00e3o resultaram tr\u00eas feridos, sendo que um deles recusou transporte para o hospital e dois ainda (17:20) est\u00e3o a ser avaliados , segundo o Comando Sub-regional de Emerg\u00eancia e Prote\u00e7\u00e3o Civil da Beira Baixa.<\/p>\n<p>Foto: R\u00e1dio Condest\u00e1vel. Direitos reservados<\/p>\n","protected":false},"excerpt":{"rendered":"&#13; &#13; &#13; Uma colis\u00e3o rodovi\u00e1ria entre dois ligeiros, ocorrida no IC8 junto \u00e0 localidade de Codiceira, perto&hellip;\n","protected":false},"author":2,"featured_media":134643,"comment_status":"","ping_status":"","sticky":false,"template":"","format":"standard","meta":{"footnotes":""},"categories":[141],"tags":[59,114,115,2237,30335,149,150,32,33],"class_list":{"0":"post-134642","1":"post","2":"type-post","3":"status-publish","4":"format-standard","5":"has-post-thumbnail","7":"category-musica","8":"tag-acidente","9":"tag-entertainment","10":"tag-entretenimento","11":"tag-feridos","12":"tag-ic8","13":"tag-music","14":"tag-musica","15":"tag-portugal","16":"tag-pt"},"share_on_mastodon":{"url":"https:\/\/pubeurope.com\/@pt\/115471052142672651","error":""},"_links":{"self":[{"href":"https:\/\/www.europesays.com\/pt\/wp-json\/wp\/v2\/posts\/134642","targetHints":{"allow":["GET"]}}],"collection":[{"href":"https:\/\/www.europesays.com\/pt\/wp-json\/wp\/v2\/posts"}],"about":[{"href":"https:\/\/www.europesays.com\/pt\/wp-json\/wp\/v2\/types\/post"}],"author":[{"embeddable":true,"href":"https:\/\/www.europesays.com\/pt\/wp-json\/wp\/v2\/users\/2"}],"replies":[{"embeddable":true,"href":"https:\/\/www.europesays.com\/pt\/wp-json\/wp\/v2\/comments?post=134642"}],"version-history":[{"count":0,"href":"https:\/\/www.europesays.com\/pt\/wp-json\/wp\/v2\/posts\/134642\/revisions"}],"wp:featuredmedia":[{"embeddable":true,"href":"https:\/\/www.europesays.com\/pt\/wp-json\/wp\/v2\/media\/134643"}],"wp:attachment":[{"href":"https:\/\/www.europesays.com\/pt\/wp-json\/wp\/v2\/media?parent=134642"}],"wp:term":[{"taxonomy":"category","embeddable":true,"href":"https:\/\/www.europesays.com\/pt\/wp-json\/wp\/v2\/categories?post=134642"},{"taxonomy":"post_tag","embeddable":true,"href":"https:\/\/www.europesays.com\/pt\/wp-json\/wp\/v2\/tags?post=134642"}],"curies":[{"name":"wp","href":"https:\/\/api.w.org\/{rel}","templated":true}]}}