{"id":134691,"date":"2025-10-31T22:47:13","date_gmt":"2025-10-31T22:47:13","guid":{"rendered":"https:\/\/www.europesays.com\/pt\/134691\/"},"modified":"2025-10-31T22:47:13","modified_gmt":"2025-10-31T22:47:13","slug":"marcia-soares-arrasa-concorrente-do-secret-story-planta-basica","status":"publish","type":"post","link":"https:\/\/www.europesays.com\/pt\/134691\/","title":{"rendered":"Marcia Soares &#8216;arrasa&#8217; concorrente do Secret Story: &#8220;planta b\u00e1sica&#8221;"},"content":{"rendered":"<p>\t\t\t\t\t\t\t\t\t\t\t\t<a href=\"#\" onclick=\"window.open('http:\/\/www.facebook.com\/sharer.php?u=https:\/\/cusquices.com\/marcia-soares-arrasa-concorrente-do-secret-story-planta-basica\/&amp;t=Marcia Soares \u2018arrasa\u2019 concorrente do Secret Story: \u201cplanta b\u00e1sica\u201d', 'facebookShare', 'width=626,height=436'); return false;\" title=\"Share on Facebook\"><\/p>\n<p>Share<\/p>\n<p><\/a><br \/>\n\t\t\t\t\t\t\t\t\t\t\t\t<a href=\"#\" onclick=\"window.open('http:\/\/twitter.com\/share?text=Marcia Soares \u2018arrasa\u2019 concorrente do Secret Story: \u201cplanta b\u00e1sica\u201d -&amp;url=https:\/\/cusquices.com\/marcia-soares-arrasa-concorrente-do-secret-story-planta-basica\/', 'twitterShare', 'width=626,height=436'); return false;\" title=\"Tweet This Post\"><\/p>\n<p>Tweet<\/p>\n<p><\/a><br \/>\n\t\t\t\t\t\t\t\t\t\t\t\t<a href=\"whatsapp:\/\/send?text=Marcia Soares \u2018arrasa\u2019 concorrente do Secret Story: \u201cplanta b\u00e1sica\u201d https:\/\/cusquices.com\/marcia-soares-arrasa-concorrente-do-secret-story-planta-basica\/\" rel=\"nofollow\"><\/p>\n<p>Share<\/p>\n<p><\/a><br \/>\n\t\t\t\t\t\t\t\t\t\t\t\t<a href=\"#\" onclick=\"window.open('http:\/\/pinterest.com\/pin\/create\/button\/?url=https:\/\/cusquices.com\/marcia-soares-arrasa-concorrente-do-secret-story-planta-basica\/&amp;media=https:\/\/cusquices.com\/wp-content\/uploads\/2025\/10\/marcias-1000x600.jpg&amp;description=Marcia Soares \u2018arrasa\u2019 concorrente do Secret Story: \u201cplanta b\u00e1sica\u201d', 'pinterestShare', 'width=750,height=350'); return false;\" title=\"Pin This Post\"><\/p>\n<p>Share<\/p>\n<p><\/a><br \/>\n\t\t\t\t\t\t\t\t\t\t\t\t<a href=\"mailto:?subject=Marcia Soares \u2018arrasa\u2019 concorrente do Secret Story: \u201cplanta b\u00e1sica\u201d&amp;BODY=I found this article interesting and thought of sharing it with you. Check it out: https:\/\/cusquices.com\/marcia-soares-arrasa-concorrente-do-secret-story-planta-basica\/\"><\/p>\n<p>Email<\/p>\n<p><\/a><br \/>\n\t\t\t\t\t\t\t\t\t\t\t\t\t\t\t\t\t\t\t\t\t\t\t\t\t\t\t\t\t\t\t\t\t\t\t\t\t\t\t\t\t\t\t\t\t\t\t\t\t\t\t\t\t<a href=\"https:\/\/cusquices.com\/marcia-soares-arrasa-concorrente-do-secret-story-planta-basica\/#respond\" rel=\"nofollow noopener\" target=\"_blank\"><\/p>\n<p>Marcia Soares est\u00e1 muita ativa nas redes sociais e deixou duras cr\u00edticas a uma das concorrentes da Casa dos Segredos.<\/p>\n<p><strong>Marcia Soares, <\/strong>comentadora do<strong> Secret Story 9<\/strong>, tem estado especialmente ativa esta sexta-feira, 31 de outubro, na rede social X (antigo Twitter). Fiel ao seu estilo direto e sem rodeios, a comentadora da TVI n\u00e3o poupou cr\u00edticas a Ana.<\/p>\n<p>A ex-concorrente do<strong> Big Brother 2023 <\/strong>deixou v\u00e1rias publica\u00e7\u00f5es onde se mostra bastante cr\u00edtica em rela\u00e7\u00e3o ao comportamento da jovem dentro da casa.<\/p>\n<p><strong>\u201cAiii Ana qual \u00e9 a tua hist\u00f3ria na casa mesmo?\u201d,<\/strong> come\u00e7ou por dizer Marcia Soares que acrescentou de seguida: <strong>\u201cA Ana \u00e9 mesmo aquela planta b\u00e1sica que fala de m\u00e1scaras e de revela\u00e7\u00f5es de personalidade quando demonstra ter pouca ou nenhuma mesmo oh pahhhhhhhhhhhh\u201d.<\/strong><\/p>\n<p>Recorde-se que <strong>Ana<\/strong> \u00e9 uma das concorrentes nomeadas esta semana e na nossa sondagem <a href=\"https:\/\/cusquices.com\/quem-vai-ser-expulso-este-domingo-2-de-novembro-do-secret-story-sondagem-aponta-um-duelo-renhido\/\" rel=\"nofollow noopener\" target=\"_blank\">\u00e9 uma das concorrentes menos votada para salvar. <\/a><\/p>\n<p><img loading=\"lazy\" decoding=\"async\" width=\"1024\" height=\"159\" src=\"https:\/\/www.europesays.com\/pt\/wp-content\/uploads\/2025\/10\/marcia-ana2-1024x159.png\" alt=\"\" class=\"wp-image-99807 webpexpress-processed\"  \/><\/p>\n<p><img loading=\"lazy\" decoding=\"async\" width=\"1024\" height=\"224\" src=\"https:\/\/www.europesays.com\/pt\/wp-content\/uploads\/2025\/10\/marcia-ana1-1024x224.png\" alt=\"\" class=\"wp-image-99806 webpexpress-processed\"  \/><\/p>\n<p><strong>Leia tamb\u00e9m:<\/strong><\/p>\n<p>\t\t\t\t\t\t\t\t\t\t\t\t\t\t\t\t\t\t\t\t\t\t\t\t\t<img decoding=\"async\" src=\"https:\/\/www.europesays.com\/pt\/wp-content\/uploads\/2025\/10\/cusquices-logo-52x.png\" class=\"webpexpress-processed\"\/><\/p>\n<p>\t\t\t\t\t\t\t\t\t\t\t\t\t\t\t\t\t\t\t\t\t            \t\t\t\t\t\t\t\t\t\t\t\t\t\t\t\t\t\t\t\t\t\t\t\t\t\t\t\t\t\t\t\t\t\t\t\t\t\t\t<script async src=\"https:\/\/platform.twitter.com\/widgets.js\" charset=\"utf-8\"><\/script><\/p>\n","protected":false},"excerpt":{"rendered":"Share Tweet Share Share Email Marcia Soares est\u00e1 muita ativa nas redes sociais e deixou duras cr\u00edticas a&hellip;\n","protected":false},"author":2,"featured_media":134692,"comment_status":"","ping_status":"","sticky":false,"template":"","format":"standard","meta":{"footnotes":""},"categories":[85],"tags":[6340,2632,49,114,115,2038,32,33],"class_list":{"0":"post-134691","1":"post","2":"type-post","3":"status-publish","4":"format-standard","5":"has-post-thumbnail","7":"category-entretenimento","8":"tag-ana","9":"tag-casa-dos-segredos","10":"tag-destaques","11":"tag-entertainment","12":"tag-entretenimento","13":"tag-marcia-soares","14":"tag-portugal","15":"tag-pt"},"share_on_mastodon":{"url":"https:\/\/pubeurope.com\/@pt\/115471217341398994","error":""},"_links":{"self":[{"href":"https:\/\/www.europesays.com\/pt\/wp-json\/wp\/v2\/posts\/134691","targetHints":{"allow":["GET"]}}],"collection":[{"href":"https:\/\/www.europesays.com\/pt\/wp-json\/wp\/v2\/posts"}],"about":[{"href":"https:\/\/www.europesays.com\/pt\/wp-json\/wp\/v2\/types\/post"}],"author":[{"embeddable":true,"href":"https:\/\/www.europesays.com\/pt\/wp-json\/wp\/v2\/users\/2"}],"replies":[{"embeddable":true,"href":"https:\/\/www.europesays.com\/pt\/wp-json\/wp\/v2\/comments?post=134691"}],"version-history":[{"count":0,"href":"https:\/\/www.europesays.com\/pt\/wp-json\/wp\/v2\/posts\/134691\/revisions"}],"wp:featuredmedia":[{"embeddable":true,"href":"https:\/\/www.europesays.com\/pt\/wp-json\/wp\/v2\/media\/134692"}],"wp:attachment":[{"href":"https:\/\/www.europesays.com\/pt\/wp-json\/wp\/v2\/media?parent=134691"}],"wp:term":[{"taxonomy":"category","embeddable":true,"href":"https:\/\/www.europesays.com\/pt\/wp-json\/wp\/v2\/categories?post=134691"},{"taxonomy":"post_tag","embeddable":true,"href":"https:\/\/www.europesays.com\/pt\/wp-json\/wp\/v2\/tags?post=134691"}],"curies":[{"name":"wp","href":"https:\/\/api.w.org\/{rel}","templated":true}]}}