{"id":134718,"date":"2025-10-31T23:04:08","date_gmt":"2025-10-31T23:04:08","guid":{"rendered":"https:\/\/www.europesays.com\/pt\/134718\/"},"modified":"2025-10-31T23:04:08","modified_gmt":"2025-10-31T23:04:08","slug":"assembleia-francesa-rejeita-imposto-zucman-sobre-grandes-fortunas","status":"publish","type":"post","link":"https:\/\/www.europesays.com\/pt\/134718\/","title":{"rendered":"Assembleia francesa rejeita imposto Zucman sobre grandes fortunas"},"content":{"rendered":"<p>&#13;<br \/>\nA Assembleia Nacional francesa rejeitou esta sexta-feira o artigo que introduz o imposto Zucman sobre as grandes fortunas, reinvidicado pela esquerda, que visava taxar em dois por cento os franceses com um patrim\u00f3nio superior a 100 milh\u00f5es de euros.\u00a0Segundo os dados dispon\u00edveis,<b> 171 deputados votaram a favor e 228 votaram contra.<\/b>&#13;\n<\/p>\n<p>&#13;<br \/>\nA vers\u00e3o &#8220;light&#8221; desse imposto proposta pelos socialistas tamb\u00e9m foi rejeitada.\u00a0&#13;\n<\/p>\n<p>&#13;<br \/>\nA esquerda reagiu com indigna\u00e7\u00e3o \u00e0 rejei\u00e7\u00e3o deste imposto pelo\u00a0Rassemblement National\u00a0(RN), parte do bloco central e pela direita.\u00a0O l\u00edder dos deputados socialistas, Olivier Faure, diz que n\u00e3o quer<b>\u00a0&#8220;que os franceses tenham de pagar o imposto que os bilion\u00e1rios n\u00e3o querem pagar&#8221;.\u00a0\u00a0<\/b>&#13;\n<\/p>\n<p>&#13;<br \/>\nJ\u00e1 a sua hom\u00f3loga da Fran\u00e7a Insubmissa, Mathilde Panot, critica que<b> &#8220;o poder macronista recuse o m\u00ednimo de justi\u00e7a social&#8221; <\/b>e considera que <b>&#8220;a \u00fanica solu\u00e7\u00e3o que resta \u00e9 a censura do senhor Lecornu (primeiro-ministro) e a sa\u00edda de Emmanuel Macron&#8221;<\/b>.\u00a0&#13;\n<\/p>\n<p>&#13;<br \/>\nEm &#8220;profundo desacordo&#8221; com a esquerda sobre o imposto Zucman, o primeiro-ministro franc\u00eas considerou que n\u00e3o existe um &#8220;imposto milagroso&#8221;<b>: &#8220;N\u00e3o se pode fazer crer aos nossos concidad\u00e3os que existe um imposto milagroso para restabelecer a justi\u00e7a fiscal&#8221;<\/b>, afirmou S\u00e9bastien Lecornu.&#13;\n<\/p>\n<p>&#13;<br \/>\nAcusado pela esquerda n\u00e3o estar fazer &#8220;nenhuma ced\u00eancia&#8221;, S\u00e9bastien Lecornu disse estar disposto a renunciar ao congelamento das pens\u00f5es da reforma e dos m\u00ednimos sociais.\u00a0&#13;\n<\/p>\n<p>&#13;<br \/>\nMais cedo, a Assembleia Nacional aprovou por larga maioria um imposto sobre as\u00a0holdings\u00a0proposto pelo Governo,\u00a0com 224 votos a favor e 10 votos contra.\u00a0&#13;\n<\/p>\n<p>&#13;<br \/>\n&#8220;Acabar\u00e1 por ver a luz do dia&#8221;&#13;\n<\/p>\n<p>&#13;<br \/>\nAp\u00f3s o imposto Zucman ter sido rejeitado na Assembleia, o economista franc\u00eas disse acreditar que a tributa\u00e7\u00e3o das grandes fortunas estar\u00e1 no centro da campanha presidencial em 2027.\u00a0&#13;\n<\/p>\n<p>&#13;<br \/>\n<b>&#8220;Todas as batalhas deste tipo demoram tempo a ser vencidas. Ser\u00e1 um tema&#13;<br \/>\nimportante nas elei\u00e7\u00f5es presidenciais de 2027. N\u00e3o estou desapontado, &#13;<br \/>\nporque acabar\u00e1 por ver a luz do dia&#8221;,<\/b> reagiu Gabriel Zucman, no programa C \u00e0 Vous na France 5.&#13;\n<\/p>\n<p>Numa entrevista esta manh\u00e3 ao programa &#8220;<a href=\"https:\/\/x.com\/franceinfo\/status\/1984164164856651900?ref_src=twsrc%5Etfw%7Ctwcamp%5Etweetembed%7Ctwterm%5E1984164164856651900%7Ctwgr%5Ef5cf667e7c83c2434d3efca919fab32b92ae3ac7%7Ctwcon%5Es1_c10&amp;ref_url=https%3A%2F%2Fwww.franceinfo.fr%2Fpolitique%2Fparlement-francais%2Fassemblee-nationale%2Ftaxe-zucman-un-rejet-d-un-impot-plancher-pour-les-ultra-riches-par-l-assemblee-serait-incomprehensible-et-irresponsable-estime-gabriel-zucman_7586735.html\" target=\"_blank\" rel=\"nofollow\">8h30 franceinfo&#8221; da France Info<\/a>,\u00a0o economista considerou que a rejei\u00e7\u00e3o de um &#8220;imposto<br \/>\nm\u00ednimo&#8221; para os ultra-ricos pela Assembleia Nacional &#8220;seria<br \/>\nincompreens\u00edvel&#8221; e &#8220;irrespons\u00e1vel&#8221;, numa altura em que Fran\u00e7a precisa de colmatar o seu d\u00e9fice or\u00e7amental.\u00a0<\/p>\n<p>&#13;<br \/>\n<b>&#8220;Seria irrespons\u00e1vel porque, na atual situa\u00e7\u00e3o muito degradada das &#13;<br \/>\nfinan\u00e7as p\u00fablicas, precisamos que os ultra-ricos fa\u00e7am um esfor\u00e7o. Tanto&#13;<br \/>\nmais que s\u00e3o eles que hoje s\u00e3o menos tributados&#8221;,<\/b> afirmou. <b>&#8220;Seria incompreens\u00edvel que os deputados rejeitassem este imposto m\u00ednimo, porque isso equivaleria a aceitar que os bilion\u00e1rios t\u00eam direito a pagar zero&#8221;.\u00a0<\/b>&#13;<\/p>\n","protected":false},"excerpt":{"rendered":"&#13; A Assembleia Nacional francesa rejeitou esta sexta-feira o artigo que introduz o imposto Zucman sobre as grandes&hellip;\n","protected":false},"author":2,"featured_media":134719,"comment_status":"","ping_status":"","sticky":false,"template":"","format":"standard","meta":{"footnotes":""},"categories":[50],"tags":[27,28,476,15,16,208,14,25,26,21,22,62,12,13,19,20,23591,2458,23,24,30337,17,18,29,30,31,63,64,65,30336],"class_list":{"0":"post-134718","1":"post","2":"type-post","3":"status-publish","4":"format-standard","5":"has-post-thumbnail","7":"category-mundo","8":"tag-breaking-news","9":"tag-breakingnews","10":"tag-economia","11":"tag-featured-news","12":"tag-featurednews","13":"tag-franca","14":"tag-headlines","15":"tag-latest-news","16":"tag-latestnews","17":"tag-main-news","18":"tag-mainnews","19":"tag-mundo","20":"tag-news","21":"tag-noticias","22":"tag-noticias-principais","23":"tag-noticiasprincipais","24":"tag-orcamento-do-estado-2026","25":"tag-paris","26":"tag-principais-noticias","27":"tag-principaisnoticias","28":"tag-riqueza","29":"tag-top-stories","30":"tag-topstories","31":"tag-ultimas","32":"tag-ultimas-noticias","33":"tag-ultimasnoticias","34":"tag-world","35":"tag-world-news","36":"tag-worldnews","37":"tag-zucman"},"share_on_mastodon":{"url":"https:\/\/pubeurope.com\/@pt\/115471283816332782","error":""},"_links":{"self":[{"href":"https:\/\/www.europesays.com\/pt\/wp-json\/wp\/v2\/posts\/134718","targetHints":{"allow":["GET"]}}],"collection":[{"href":"https:\/\/www.europesays.com\/pt\/wp-json\/wp\/v2\/posts"}],"about":[{"href":"https:\/\/www.europesays.com\/pt\/wp-json\/wp\/v2\/types\/post"}],"author":[{"embeddable":true,"href":"https:\/\/www.europesays.com\/pt\/wp-json\/wp\/v2\/users\/2"}],"replies":[{"embeddable":true,"href":"https:\/\/www.europesays.com\/pt\/wp-json\/wp\/v2\/comments?post=134718"}],"version-history":[{"count":0,"href":"https:\/\/www.europesays.com\/pt\/wp-json\/wp\/v2\/posts\/134718\/revisions"}],"wp:featuredmedia":[{"embeddable":true,"href":"https:\/\/www.europesays.com\/pt\/wp-json\/wp\/v2\/media\/134719"}],"wp:attachment":[{"href":"https:\/\/www.europesays.com\/pt\/wp-json\/wp\/v2\/media?parent=134718"}],"wp:term":[{"taxonomy":"category","embeddable":true,"href":"https:\/\/www.europesays.com\/pt\/wp-json\/wp\/v2\/categories?post=134718"},{"taxonomy":"post_tag","embeddable":true,"href":"https:\/\/www.europesays.com\/pt\/wp-json\/wp\/v2\/tags?post=134718"}],"curies":[{"name":"wp","href":"https:\/\/api.w.org\/{rel}","templated":true}]}}