{"id":134722,"date":"2025-10-31T23:08:21","date_gmt":"2025-10-31T23:08:21","guid":{"rendered":"https:\/\/www.europesays.com\/pt\/134722\/"},"modified":"2025-10-31T23:08:21","modified_gmt":"2025-10-31T23:08:21","slug":"bruna-gomes-mostra-a-vista-da-casa-nova-tvi","status":"publish","type":"post","link":"https:\/\/www.europesays.com\/pt\/134722\/","title":{"rendered":"Bruna Gomes mostra a vista da casa nova &#8211; TVI"},"content":{"rendered":"<ol>\n<li><a href=\"https:\/\/news.google.com\/rss\/articles\/CBMipAFBVV95cUxQNGd6OWVob0VGUVRGZnhsZ051MVJNdk0xeF9wejM1QzdOSmMyTzk1eE4xbmZWbGdhLUM0NXM1Y1ZBTkx6MnQ4WnR1ekYwRko2ZVVYRmgzcjAtNmJMQXIzblk3WGZZdl9kd2Nub2pvUEZxV29OeUN2MVFFeEN4SjJDYWZWem9XcldPQzItb2pRR1N6b1Y5QVZIMVdVemM0ZVNyU1czZQ?oc=5\" target=\"_blank\" rel=\"nofollow noopener\">Bruna Gomes mostra a vista da casa nova<\/a>&nbsp;&nbsp;TVI<\/li>\n<li><a href=\"https:\/\/news.google.com\/rss\/articles\/CBMinAFBVV95cUxONnJ3eXQ1VFdOYWROS0F4bkMtUTNTMFV5bWtqck51dWJOWmJ6TFJOU1VvSmNhaTEzdEJuS3RtSmlUSE00WUh4LV9JUEVmUng1R01qTTc2N2MzdV93MDM5SVo2djk1Q296UnpMYWJRUzAwT3pnWkV3ZGMzNzlnZ3k2SmNFRWFHRExwQXEwWThxLTAzZFNmXzJfUFk1X3M?oc=5\" target=\"_blank\" rel=\"nofollow noopener\">\u201cNingu\u00e9m recusa a Voz\u201d: M\u00e1rcia defende Pedro ap\u00f3s almo\u00e7o de 800\u20ac com Liliana<\/a>&nbsp;&nbsp;Dioguinho<\/li>\n<li><a href=\"https:\/\/news.google.com\/rss\/articles\/CBMi3gFBVV95cUxNMHZFbjNwTU1wT3NsdmJ5X1J0aVNoaG1LZW9MUDhyWG9uek1PRklnNDRnZzh6TW9JZUZtOW5pTDZQak9YcFhXeFJIUnFmNDFGbkJkM2dDQmRyeDhpSUtoemRUMlE4d2xLSjd4clFOM3JJeDdpbW1SN01FUkV5UThFeC1ReXk5TWZtV1l1VXVUVXBVVlJ6ZDJBNlRMYXBaeDZ1ZjJSWGFBcEFxVGNyM2d0dXVpaEhTQmhrdDEwaXkzbk9sUllsN0ZXcFF0bWtyVEF5emk2am96WnpzZzlPQnc?oc=5\" target=\"_blank\" rel=\"nofollow noopener\">Dylan, Bruna e Raquel visivelmente incomodados com o que os colegas comem: \u00abBolachuda\u00bb<\/a>&nbsp;&nbsp;TVI<\/li>\n<li><a href=\"https:\/\/news.google.com\/rss\/articles\/CBMisAFBVV95cUxNLVFQNUJyTHc5R0dtVHZWVU9LQXBISEt3Wm8wMHlPT2JGbVdPbVpjRjdEZDNObktidGgzTFBCSXBsSDhudkRrNDF2T2tDNEU3bFZDSjBLUmdIU2ZWU1ZLZ3hWc0gyS0FzMEo1ekJCZXFZajhWYkoxSHIzemw5dWZ2d2tld1hlSFhUSXVwbVlIcUx2SlpRaGV1Slc2b2lITjZvSEFoRFF1ZUNYWTE2a2Z0Ug?oc=5\" target=\"_blank\" rel=\"nofollow noopener\">Pedro Jorge d\u00e1 &#8220;pista&#8221; importante do seu segredo a Liliana: &#8220;Eu gosto de mulheres mais velhas&#8230;&#8221;<\/a>&nbsp;&nbsp;Hiper Fm<\/li>\n<li><a href=\"https:\/\/news.google.com\/rss\/articles\/CBMi1gFBVV95cUxNcVFuc3hDNUxYSUwtUDlHdnI2WTRqWWFnRUdtbU4tRW0zNFRmQmpRMGJXYVFIRHBFZTFhREMyYnBoNzNOR0NUcFZKSkwwZ3BzLTNOMm5QM3FYcHZZUGtiRm1GR2VQTXdIN0h3bS1teE1USEFGMkZfQVlvUDgtczBRWkF2NnhPeGtUSVU3bFI3eG5WbHJqVGgxNWlGRVBlMWN4RFg2Q1B6ZS1hUkdpOVJWUlFmVWdRUDVOVFhkdzR6WjFqWWZYYW9ydXJOWTFYekd2UVBpMS1B?oc=5\" target=\"_blank\" rel=\"nofollow noopener\">Rela\u00e7\u00e3o chegou ao fim? F\u00e1bio implac\u00e1vel com Liliana: \u00abN\u00e3o tenho nada para falar contigo\u00bb<\/a>&nbsp;&nbsp;Not\u00edcias de hoje &#8211; IOL<\/li>\n<\/ol>\n","protected":false},"excerpt":{"rendered":"Bruna Gomes mostra a vista da casa nova&nbsp;&nbsp;TVI \u201cNingu\u00e9m recusa a Voz\u201d: M\u00e1rcia defende Pedro ap\u00f3s almo\u00e7o de&hellip;\n","protected":false},"author":2,"featured_media":134723,"comment_status":"","ping_status":"","sticky":false,"template":"","format":"standard","meta":{"footnotes":""},"categories":[145],"tags":[18706,800,211,210,114,115,18705,32,33,18704],"class_list":{"0":"post-134722","1":"post","2":"type-post","3":"status-publish","4":"format-standard","5":"has-post-thumbnail","7":"category-celebridades","8":"tag-bastidores-secret-story","9":"tag-bruna-gomes","10":"tag-celebridades","11":"tag-celebrities","12":"tag-entertainment","13":"tag-entretenimento","14":"tag-entrevistas-concorrentes-tvi","15":"tag-portugal","16":"tag-pt","17":"tag-vida-fora-da-casa"},"share_on_mastodon":{"url":"https:\/\/pubeurope.com\/@pt\/115471299544317032","error":""},"_links":{"self":[{"href":"https:\/\/www.europesays.com\/pt\/wp-json\/wp\/v2\/posts\/134722","targetHints":{"allow":["GET"]}}],"collection":[{"href":"https:\/\/www.europesays.com\/pt\/wp-json\/wp\/v2\/posts"}],"about":[{"href":"https:\/\/www.europesays.com\/pt\/wp-json\/wp\/v2\/types\/post"}],"author":[{"embeddable":true,"href":"https:\/\/www.europesays.com\/pt\/wp-json\/wp\/v2\/users\/2"}],"replies":[{"embeddable":true,"href":"https:\/\/www.europesays.com\/pt\/wp-json\/wp\/v2\/comments?post=134722"}],"version-history":[{"count":0,"href":"https:\/\/www.europesays.com\/pt\/wp-json\/wp\/v2\/posts\/134722\/revisions"}],"wp:featuredmedia":[{"embeddable":true,"href":"https:\/\/www.europesays.com\/pt\/wp-json\/wp\/v2\/media\/134723"}],"wp:attachment":[{"href":"https:\/\/www.europesays.com\/pt\/wp-json\/wp\/v2\/media?parent=134722"}],"wp:term":[{"taxonomy":"category","embeddable":true,"href":"https:\/\/www.europesays.com\/pt\/wp-json\/wp\/v2\/categories?post=134722"},{"taxonomy":"post_tag","embeddable":true,"href":"https:\/\/www.europesays.com\/pt\/wp-json\/wp\/v2\/tags?post=134722"}],"curies":[{"name":"wp","href":"https:\/\/api.w.org\/{rel}","templated":true}]}}