{"id":134743,"date":"2025-10-31T23:22:18","date_gmt":"2025-10-31T23:22:18","guid":{"rendered":"https:\/\/www.europesays.com\/pt\/134743\/"},"modified":"2025-10-31T23:22:18","modified_gmt":"2025-10-31T23:22:18","slug":"e-impossivel-ignorar-estes-9-looks-da-neta-de-anibal-cavaco-silva","status":"publish","type":"post","link":"https:\/\/www.europesays.com\/pt\/134743\/","title":{"rendered":"\u00c9 imposs\u00edvel ignorar estes 9 looks da neta de An\u00edbal Cavaco Silva"},"content":{"rendered":"<p>Recentemente, o nome de Mariana Montez tem dado que falar e n\u00e3o apenas por ser neta de An\u00edbal Cavaco Silva, pol\u00edtico, economista e antigo Presidente da Rep\u00fablica. Mariana casou-se recentemente com o m\u00fasico Kyle Quest (Diogo Braga), e o que nos despertou a curiosidade de visitar o seu perfil foram precisamente a manicure no dia em que foi pedida em casamento. Mas n\u00e3o s\u00f3.<\/p>\n<p>Se o desejo de <a href=\"https:\/\/versa.iol.pt\/beleza\/unhas-de-gel\/se-as-tuas-unhas-tem-a-cor-mais-desejada-do-momento-vives-feliz-para-sempre\/20241219\/6762b011d34ea1acf271f8d0\" rel=\"nofollow noopener\" target=\"_blank\">muitas noivas \u00e9 ter as unhas neutras e discretas na altura do pedido<\/a>, Mariana fez o oposto. Nas suas redes sociais, \u00e9 imposs\u00edvel n\u00e3o reparar nas <a href=\"https:\/\/versa.iol.pt\/unhas-de-gel\/coreia\/34-imagens-de-unhas-de-gel-para-seguires-as-tendencias-coreanas\/20250801\/688b9615d34e3f0baea12834\" rel=\"nofollow noopener\" target=\"_blank\">manicures criativas, coloridas e diferentes, cheias de desenhos, brilhos e combina\u00e7\u00f5es inesperadas<\/a>.\u00a0<\/p>\n<p>  <img loading=\"lazy\" decoding=\"async\" alt=\"\" height=\"815\" src=\"https:\/\/www.europesays.com\/pt\/wp-content\/uploads\/2025\/10\/69036a76d34e2bd5c6d3707f.webp\" width=\"500\"\/> <\/p>\n<p>    Pedido de casamento de Mariana Montez | Fotografia: Instagram <\/p>\n<p>E mal entramos no seu perfil, percebemos que o mesmo se aplica ao seu estilo. Mariana \u00e9 f\u00e3 de misturar padr\u00f5es e texturas, de golas grandes, riscas com leopardo, camisas com lagostas, kimonos sobre vestidos e cores que raramente vemos juntas.<\/p>\n<p>Num ano em que o\u00a0<a href=\"https:\/\/versa.iol.pt\/coolhunting\/laranja\/cor-inesperada-torna-se-estrela-em-dias-frios-mais-de-50-pecas-tendencia-temos\/20250913\/68c17758d34ee0c2fecfe7eb\" rel=\"nofollow noopener\" target=\"_blank\">maximalismo voltou em for\u00e7a e a moda se tornou mais leve e divertida<\/a>, Mariana Montez podia facilmente ser uma das it girls portuguesas do momento: aut\u00eantica e com um estilo que vive de mistura e criatividade.<\/p>\n<p>Na galeria deixamos alguns dos looks que mais nos chamaram a aten\u00e7\u00e3o e que provam que a neta de An\u00edbal Cavaco Silva \u00e9 uma inspira\u00e7\u00e3o de estilo.<\/p>\n<blockquote class=\"instagram-media\" data-instgrm-captioned=\"\" data-instgrm-permalink=\"https:\/\/www.instagram.com\/p\/C7vxuXtsWV9\/?utm_source=ig_embed&amp;utm_campaign=loading\" data-instgrm-version=\"14\" style=\" background:#FFF; border:0; border-radius:3px; box-shadow:0 0 1px 0 rgba(0,0,0,0.5),0 1px 10px 0 rgba(0,0,0,0.15); margin: 1px; max-width:540px; min-width:326px; padding:0; width:99.375%; width:-webkit-calc(100% - 2px); width:calc(100% - 2px);\">\n<\/blockquote>\n<p>\u00a0<\/p>\n<p>                            <script async src=\"\/\/www.instagram.com\/embed.js\"><\/script><\/p>\n","protected":false},"excerpt":{"rendered":"Recentemente, o nome de Mariana Montez tem dado que falar e n\u00e3o apenas por ser neta de An\u00edbal&hellip;\n","protected":false},"author":2,"featured_media":134744,"comment_status":"","ping_status":"","sticky":false,"template":"","format":"standard","meta":{"footnotes":""},"categories":[145],"tags":[1081,29297,211,210,204,114,115,754,186,29298,1079,32,33,1083,1078,1080],"class_list":{"0":"post-134743","1":"post","2":"type-post","3":"status-publish","4":"format-standard","5":"has-post-thumbnail","7":"category-celebridades","8":"tag-beleza","9":"tag-cavaco-silva","10":"tag-celebridades","11":"tag-celebrities","12":"tag-design","13":"tag-entertainment","14":"tag-entretenimento","15":"tag-gastronomia","16":"tag-lifestyle","17":"tag-mariana-montez","18":"tag-moda","19":"tag-portugal","20":"tag-pt","21":"tag-tendencia","22":"tag-versa","23":"tag-viagens"},"share_on_mastodon":{"url":"https:\/\/pubeurope.com\/@pt\/115471354737834832","error":""},"_links":{"self":[{"href":"https:\/\/www.europesays.com\/pt\/wp-json\/wp\/v2\/posts\/134743","targetHints":{"allow":["GET"]}}],"collection":[{"href":"https:\/\/www.europesays.com\/pt\/wp-json\/wp\/v2\/posts"}],"about":[{"href":"https:\/\/www.europesays.com\/pt\/wp-json\/wp\/v2\/types\/post"}],"author":[{"embeddable":true,"href":"https:\/\/www.europesays.com\/pt\/wp-json\/wp\/v2\/users\/2"}],"replies":[{"embeddable":true,"href":"https:\/\/www.europesays.com\/pt\/wp-json\/wp\/v2\/comments?post=134743"}],"version-history":[{"count":0,"href":"https:\/\/www.europesays.com\/pt\/wp-json\/wp\/v2\/posts\/134743\/revisions"}],"wp:featuredmedia":[{"embeddable":true,"href":"https:\/\/www.europesays.com\/pt\/wp-json\/wp\/v2\/media\/134744"}],"wp:attachment":[{"href":"https:\/\/www.europesays.com\/pt\/wp-json\/wp\/v2\/media?parent=134743"}],"wp:term":[{"taxonomy":"category","embeddable":true,"href":"https:\/\/www.europesays.com\/pt\/wp-json\/wp\/v2\/categories?post=134743"},{"taxonomy":"post_tag","embeddable":true,"href":"https:\/\/www.europesays.com\/pt\/wp-json\/wp\/v2\/tags?post=134743"}],"curies":[{"name":"wp","href":"https:\/\/api.w.org\/{rel}","templated":true}]}}