{"id":134745,"date":"2025-10-31T23:25:15","date_gmt":"2025-10-31T23:25:15","guid":{"rendered":"https:\/\/www.europesays.com\/pt\/134745\/"},"modified":"2025-10-31T23:25:15","modified_gmt":"2025-10-31T23:25:15","slug":"claudia-nayara-conhece-familia-de-fabio-do-secret-story-secret-story","status":"publish","type":"post","link":"https:\/\/www.europesays.com\/pt\/134745\/","title":{"rendered":"Cla\u00fadia Nayara conhece fam\u00edlia de F\u00e1bio, do Secret Story &#8211; Secret Story"},"content":{"rendered":"<p>\n                    Cl\u00e1udia Nayara revelou uma liga\u00e7\u00e3o \u00e0 fam\u00edlia de F\u00e1bio.\n                <\/p>\n<p>Cl\u00e1udia Nayara revelou conhecer a fam\u00edlia de F\u00e1bio, concorrente do Secret Story 9\u00a0 e teceu duras cr\u00edticas a Liliana.\u00a0<\/p>\n<p>A revela\u00e7\u00e3o foi feita atrav\u00e9s de uma partilha nas redes sociais:\u00a0\u00abA fam\u00edlia do F\u00e1bio nunca esteve contra ele! Eu conhe\u00e7o um bocadinho para falar! Tem uma m\u00e3e que o ama e a irm\u00e3 tamb\u00e9m, minha Vanessa!\u00bb, escreveu.<\/p>\n<p>Percorra a galeria de fotografias que prepar\u00e1mos para si com as melhores imagens de Cl\u00e1udia Nayara e F\u00e1bio.\u00a0<\/p>\n<p>\u00a0<\/p>\n","protected":false},"excerpt":{"rendered":"Cl\u00e1udia Nayara revelou uma liga\u00e7\u00e3o \u00e0 fam\u00edlia de F\u00e1bio. Cl\u00e1udia Nayara revelou conhecer a fam\u00edlia de F\u00e1bio, concorrente&hellip;\n","protected":false},"author":2,"featured_media":134746,"comment_status":"","ping_status":"","sticky":false,"template":"","format":"standard","meta":{"footnotes":""},"categories":[142],"tags":[18706,10905,114,115,18705,19082,19016,32,33,151,18704],"class_list":{"0":"post-134745","1":"post","2":"type-post","3":"status-publish","4":"format-standard","5":"has-post-thumbnail","7":"category-tv","8":"tag-bastidores-secret-story","9":"tag-claudia-nayara","10":"tag-entertainment","11":"tag-entretenimento","12":"tag-entrevistas-concorrentes-tvi","13":"tag-fabio","14":"tag-liliana","15":"tag-portugal","16":"tag-pt","17":"tag-tv","18":"tag-vida-fora-da-casa"},"share_on_mastodon":{"url":"https:\/\/pubeurope.com\/@pt\/115471366518379181","error":""},"_links":{"self":[{"href":"https:\/\/www.europesays.com\/pt\/wp-json\/wp\/v2\/posts\/134745","targetHints":{"allow":["GET"]}}],"collection":[{"href":"https:\/\/www.europesays.com\/pt\/wp-json\/wp\/v2\/posts"}],"about":[{"href":"https:\/\/www.europesays.com\/pt\/wp-json\/wp\/v2\/types\/post"}],"author":[{"embeddable":true,"href":"https:\/\/www.europesays.com\/pt\/wp-json\/wp\/v2\/users\/2"}],"replies":[{"embeddable":true,"href":"https:\/\/www.europesays.com\/pt\/wp-json\/wp\/v2\/comments?post=134745"}],"version-history":[{"count":0,"href":"https:\/\/www.europesays.com\/pt\/wp-json\/wp\/v2\/posts\/134745\/revisions"}],"wp:featuredmedia":[{"embeddable":true,"href":"https:\/\/www.europesays.com\/pt\/wp-json\/wp\/v2\/media\/134746"}],"wp:attachment":[{"href":"https:\/\/www.europesays.com\/pt\/wp-json\/wp\/v2\/media?parent=134745"}],"wp:term":[{"taxonomy":"category","embeddable":true,"href":"https:\/\/www.europesays.com\/pt\/wp-json\/wp\/v2\/categories?post=134745"},{"taxonomy":"post_tag","embeddable":true,"href":"https:\/\/www.europesays.com\/pt\/wp-json\/wp\/v2\/tags?post=134745"}],"curies":[{"name":"wp","href":"https:\/\/api.w.org\/{rel}","templated":true}]}}