{"id":134763,"date":"2025-10-31T23:46:08","date_gmt":"2025-10-31T23:46:08","guid":{"rendered":"https:\/\/www.europesays.com\/pt\/134763\/"},"modified":"2025-10-31T23:46:08","modified_gmt":"2025-10-31T23:46:08","slug":"sem-ideias-para-festa-de-halloween-em-casa-entre-no-reino-de-terror-de-teresa-silva-e-inspire-se-secret-story","status":"publish","type":"post","link":"https:\/\/www.europesays.com\/pt\/134763\/","title":{"rendered":"Sem ideias para festa de Halloween em casa? Entre no &#8216;reino de terror&#8217; de Teresa Silva e inspire-se &#8211; Secret Story"},"content":{"rendered":"<p style=\"margin-bottom:11px\"><strong>Teresa Silva<\/strong> surpreendeu os seguidores ao partilhar, esta manh\u00e3, dia 31 de outubro, no Instagram, <strong>um reels cheio de detalhes assustadoramente criativos e com uma participa\u00e7\u00e3o especial que arrancou sorrisos: o marido, Jorge<\/strong>.<\/p>\n<p>No v\u00eddeo, <strong>\u00e9 poss\u00edvel ver uma mesa totalmente decorada a rigor, cheia de elementos tem\u00e1ticos, ab\u00f3boras, velas e outros detalhes divertidamente assustadores<\/strong>. Cada canto mostra a dedica\u00e7\u00e3o de Teresa para tornar a noite de Halloween especial e inesquec\u00edvel.<\/p>\n<p>Mas o destaque <strong>vai mesmo para a presen\u00e7a do marido, que decidiu juntar-se \u00e0 brincadeira<\/strong>. Na legenda, Teresa escreveu com humor:<\/p>\n<p>\u00abHalloween 2025 \ud83c\udf83\ud83c\udf83 Este ano o Jorge entrou na travessura \ud83d\udc7b\ud83d\ude02\ud83d\ude02\u00bb<\/p>\n<p>Os seguidores n\u00e3o tardaram a reagir,<strong> enchendo a caixa de coment\u00e1rios com elogios \u00e0 criatividade da decora\u00e7\u00e3o e \u00e0 boa disposi\u00e7\u00e3o do casal<\/strong>, mostrando que, no Halloween, o esp\u00edrito de divers\u00e3o \u00e9 garantido.<\/p>\n<p><strong>Veja tudo aqui:<\/strong><\/p>\n<p>\u00a0<\/p>\n","protected":false},"excerpt":{"rendered":"Teresa Silva surpreendeu os seguidores ao partilhar, esta manh\u00e3, dia 31 de outubro, no Instagram, um reels cheio&hellip;\n","protected":false},"author":2,"featured_media":134764,"comment_status":"","ping_status":"","sticky":false,"template":"","format":"standard","meta":{"footnotes":""},"categories":[142],"tags":[18706,114,115,18705,13359,32,33,18748,151,18704],"class_list":{"0":"post-134763","1":"post","2":"type-post","3":"status-publish","4":"format-standard","5":"has-post-thumbnail","7":"category-tv","8":"tag-bastidores-secret-story","9":"tag-entertainment","10":"tag-entretenimento","11":"tag-entrevistas-concorrentes-tvi","12":"tag-halloween","13":"tag-portugal","14":"tag-pt","15":"tag-teresa-silva","16":"tag-tv","17":"tag-vida-fora-da-casa"},"share_on_mastodon":{"url":"https:\/\/pubeurope.com\/@pt\/115471449156446262","error":""},"_links":{"self":[{"href":"https:\/\/www.europesays.com\/pt\/wp-json\/wp\/v2\/posts\/134763","targetHints":{"allow":["GET"]}}],"collection":[{"href":"https:\/\/www.europesays.com\/pt\/wp-json\/wp\/v2\/posts"}],"about":[{"href":"https:\/\/www.europesays.com\/pt\/wp-json\/wp\/v2\/types\/post"}],"author":[{"embeddable":true,"href":"https:\/\/www.europesays.com\/pt\/wp-json\/wp\/v2\/users\/2"}],"replies":[{"embeddable":true,"href":"https:\/\/www.europesays.com\/pt\/wp-json\/wp\/v2\/comments?post=134763"}],"version-history":[{"count":0,"href":"https:\/\/www.europesays.com\/pt\/wp-json\/wp\/v2\/posts\/134763\/revisions"}],"wp:featuredmedia":[{"embeddable":true,"href":"https:\/\/www.europesays.com\/pt\/wp-json\/wp\/v2\/media\/134764"}],"wp:attachment":[{"href":"https:\/\/www.europesays.com\/pt\/wp-json\/wp\/v2\/media?parent=134763"}],"wp:term":[{"taxonomy":"category","embeddable":true,"href":"https:\/\/www.europesays.com\/pt\/wp-json\/wp\/v2\/categories?post=134763"},{"taxonomy":"post_tag","embeddable":true,"href":"https:\/\/www.europesays.com\/pt\/wp-json\/wp\/v2\/tags?post=134763"}],"curies":[{"name":"wp","href":"https:\/\/api.w.org\/{rel}","templated":true}]}}