{"id":134769,"date":"2025-10-31T23:49:09","date_gmt":"2025-10-31T23:49:09","guid":{"rendered":"https:\/\/www.europesays.com\/pt\/134769\/"},"modified":"2025-10-31T23:49:09","modified_gmt":"2025-10-31T23:49:09","slug":"calendario-apertado-leva-a-premier-league-a-abdicar-do-boxing-day","status":"publish","type":"post","link":"https:\/\/www.europesays.com\/pt\/134769\/","title":{"rendered":"Calend\u00e1rio apertado leva a Premier League a abdicar do \u00abBoxing Day\u00bb"},"content":{"rendered":"<p style=\"margin-bottom:11px\">Definitivamente, a tradi\u00e7\u00e3o j\u00e1 n\u00e3o \u00e9 o que era. Esta temporada, o ic\u00f3nico Boxing Day\u00a0da Premier League vai ter apenas um jogo, anunciou a entidade organizadora da competi\u00e7\u00e3o, que aponta \u00e0 cada vez maior densidade do calend\u00e1rio do futebol europeu como justifica\u00e7\u00e3o para a decis\u00e3o.<\/p>\n<p>Ao contr\u00e1rio do que vinha sendo habitual nas \u00faltimas d\u00e9cadas, o dia seguinte ao Natal contar\u00e1 com apenas uma partida na Liga inglesa, a rece\u00e7\u00e3o do Manchester United ao Newcastle (20h00), tendo os restantes encontros da 18.\u00aa jornada sido reagendados para os dias 27 e 28 de dezembro.<\/p>\n<p>\u00abAtualmente, existem v\u00e1rios desafios para a elabora\u00e7\u00e3o do calend\u00e1rio de jogos da Premier League, decorrentes da expans\u00e3o das competi\u00e7\u00f5es europeias de clubes, o que levou a uma revis\u00e3o do nosso calend\u00e1rio nacional antes da \u00faltima temporada, incluindo mudan\u00e7as na Ta\u00e7a de Inglaterra\u00bb, explicam os respons\u00e1veis da Liga inglesa.<\/p>\n<p>A reformula\u00e7\u00e3o das competi\u00e7\u00f5es europeias levada a cabo pela UEFA h\u00e1 um ano fez com que o calend\u00e1rio dessas provas se estenda por dez semanas, ao contr\u00e1rio das anteriores seis, o que tem implica\u00e7\u00e3o direta na gest\u00e3o dos calend\u00e1rios dos campeonatos nacionais.<\/p>\n<p>A Premier League garante que vai fazer regressar o Boxing Day j\u00e1 na pr\u00f3xima temporada, sendo que o facto de ele acontecer num s\u00e1bado, dia de futebol em Inglaterra, ajuda a essa inten\u00e7\u00e3o.<\/p>\n","protected":false},"excerpt":{"rendered":"Definitivamente, a tradi\u00e7\u00e3o j\u00e1 n\u00e3o \u00e9 o que era. Esta temporada, o ic\u00f3nico Boxing Day\u00a0da Premier League vai&hellip;\n","protected":false},"author":2,"featured_media":134770,"comment_status":"","ping_status":"","sticky":false,"template":"","format":"standard","meta":{"footnotes":""},"categories":[87],"tags":[29470,9914,135,665,82,7972,1356,46,32,666,33,47,134,2697],"class_list":{"0":"post-134769","1":"post","2":"type-post","3":"status-publish","4":"format-standard","5":"has-post-thumbnail","7":"category-desporto","8":"tag-boxing-day","9":"tag-calendario","10":"tag-desporto","11":"tag-inglaterra","12":"tag-internacional","13":"tag-liga-inglesa","14":"tag-mais-futebol","15":"tag-maisfutebol","16":"tag-portugal","17":"tag-premier-league","18":"tag-pt","19":"tag-pura-paixao","20":"tag-sports","21":"tag-uefa"},"share_on_mastodon":{"url":"https:\/\/pubeurope.com\/@pt\/115471460895704891","error":""},"_links":{"self":[{"href":"https:\/\/www.europesays.com\/pt\/wp-json\/wp\/v2\/posts\/134769","targetHints":{"allow":["GET"]}}],"collection":[{"href":"https:\/\/www.europesays.com\/pt\/wp-json\/wp\/v2\/posts"}],"about":[{"href":"https:\/\/www.europesays.com\/pt\/wp-json\/wp\/v2\/types\/post"}],"author":[{"embeddable":true,"href":"https:\/\/www.europesays.com\/pt\/wp-json\/wp\/v2\/users\/2"}],"replies":[{"embeddable":true,"href":"https:\/\/www.europesays.com\/pt\/wp-json\/wp\/v2\/comments?post=134769"}],"version-history":[{"count":0,"href":"https:\/\/www.europesays.com\/pt\/wp-json\/wp\/v2\/posts\/134769\/revisions"}],"wp:featuredmedia":[{"embeddable":true,"href":"https:\/\/www.europesays.com\/pt\/wp-json\/wp\/v2\/media\/134770"}],"wp:attachment":[{"href":"https:\/\/www.europesays.com\/pt\/wp-json\/wp\/v2\/media?parent=134769"}],"wp:term":[{"taxonomy":"category","embeddable":true,"href":"https:\/\/www.europesays.com\/pt\/wp-json\/wp\/v2\/categories?post=134769"},{"taxonomy":"post_tag","embeddable":true,"href":"https:\/\/www.europesays.com\/pt\/wp-json\/wp\/v2\/tags?post=134769"}],"curies":[{"name":"wp","href":"https:\/\/api.w.org\/{rel}","templated":true}]}}