{"id":134777,"date":"2025-10-31T23:57:09","date_gmt":"2025-10-31T23:57:09","guid":{"rendered":"https:\/\/www.europesays.com\/pt\/134777\/"},"modified":"2025-10-31T23:57:09","modified_gmt":"2025-10-31T23:57:09","slug":"justin-bieber-assiste-a-pegadinhas-de-silvio-santos-em-live","status":"publish","type":"post","link":"https:\/\/www.europesays.com\/pt\/134777\/","title":{"rendered":"Justin Bieber assiste a pegadinhas de Silvio Santos em live"},"content":{"rendered":"<p>\n                        Cantor canadense viu quadro de 2011\n                    <\/p>\n<ul class=\"article__header__author\">\n<li class=\"article__header__author__item\">\n                                                Por:<br \/>\n                                                                                    Maria Fernanda Viana\n                                                                        <\/li>\n<\/ul>\n<p class=\"text\"><a href=\"https:\/\/www.terra.com.br\/tudo-sobre\/justin-bieber\" target=\"_self\" rel=\"nofollow noopener\">Justin Bieber<\/a> foi visto assistindo a pegadinhas do Programa do <a href=\"https:\/\/www.terra.com.br\/tudo-sobre\/silvio-santos\" target=\"_self\" rel=\"nofollow noopener\">Silvio Santos<\/a><b>, do SBT.<\/b> O cantor canadense realizou uma transmiss\u00e3o ao vivo com amigos enquanto o programa era exibido em um tel\u00e3o.<\/p>\n<p><img loading=\"lazy\" decoding=\"async\" alt=\"Justin Bieber assistiu pegadinha de Silvio Santos em live.\" class=\"img-cd39ccf35430d6fd99245d0dbb0b8ec2myz6dcn9\" height=\"486\" src=\"https:\/\/www.europesays.com\/pt\/wp-content\/uploads\/2025\/10\/1437262317-6jttec6s6bajhkch7wxyp2sanq.png\"  title=\"Justin Bieber assistiu pegadinha de Silvio Santos em live.\" width=\"774\"\/><\/p>\n<p>Justin Bieber assistiu pegadinha de Silvio Santos em live.<\/p>\n<p>Foto: @justinbieber via Instagram \/ Estad\u00e3o<\/p>\n<p class=\"text\">A pegadinha em quest\u00e3o era a Menina Fantasma no Elevador. O quadro viralizou em 2011 e mostrava pessoas sendo assustadas em um elevador. Quando a &#8220;v\u00edtima&#8221; entra, as luzes se apagam. Quando elas se acendem novamente, a menina fantasma est\u00e1 no elevador.<\/p>\n<p class=\"text\">Jefferson Candido, respons\u00e1vel pelo epis\u00f3dio, celebrou a situa\u00e7\u00e3o. &#8220;Orgulho da nossa equipe extraordin\u00e1ria que faz tudo com tanto amor&#8221;, escreveu nas redes sociais.<\/p>\n<p class=\"text\">Recentemente, o cantor j\u00e1 havia chamado a aten\u00e7\u00e3o dos f\u00e3s brasileiros ao usar uma camiseta com a estampa &#8220;brasilcore&#8221;.<\/p>\n<p class=\"text\">O m\u00fasico \u00e9 casado com Hailey Bieber, modelo filha de Kennya Deodato, designer brasileira. Juntos, eles s\u00e3o pais de Jack Blues Bieber, de um ano de idade.<\/p>\n<p class=\"text\">*Estagi\u00e1ria sob supervis\u00e3o de Charlise Morais <\/p>\n<blockquote class=\"twitter-tweet\" id=\"1984056175311364386?ref_src=twsrc%5Etfw\">\n<p class=\"text\" dir=\"ltr\" lang=\"pt\">Justin Bieber assistindo pegadinha do Silvio Santos ?<\/p>\n<p class=\"text\">.<a href=\"https:\/\/t.co\/5v1GO6Nad0\" target=\"_blank\" rel=\"nofollow\">pic.twitter.com\/5v1GO6Nad0<\/a><\/p>\n<p> \u2014 POINT POP (@Point__Pop) <a href=\"https:\/\/twitter.com\/Point__Pop\/status\/1984056175311364386?ref_src=twsrc%5Etfw\" target=\"_blank\" rel=\"nofollow noopener\">October 31, 2025<\/a>\n<\/p><\/blockquote>\n<p>                            <script async src=\"https:\/\/platform.twitter.com\/widgets.js\" charset=\"utf-8\"><\/script><\/p>\n","protected":false},"excerpt":{"rendered":"Cantor canadense viu quadro de 2011 Por: Maria Fernanda Viana Justin Bieber foi visto assistindo a pegadinhas do&hellip;\n","protected":false},"author":2,"featured_media":134778,"comment_status":"","ping_status":"","sticky":false,"template":"","format":"standard","meta":{"footnotes":""},"categories":[145],"tags":[211,210,114,115,1275,32,33,10646],"class_list":{"0":"post-134777","1":"post","2":"type-post","3":"status-publish","4":"format-standard","5":"has-post-thumbnail","7":"category-celebridades","8":"tag-celebridades","9":"tag-celebrities","10":"tag-entertainment","11":"tag-entretenimento","12":"tag-justin-bieber","13":"tag-portugal","14":"tag-pt","15":"tag-silvio-santos"},"share_on_mastodon":{"url":"https:\/\/pubeurope.com\/@pt\/115471492407083155","error":""},"_links":{"self":[{"href":"https:\/\/www.europesays.com\/pt\/wp-json\/wp\/v2\/posts\/134777","targetHints":{"allow":["GET"]}}],"collection":[{"href":"https:\/\/www.europesays.com\/pt\/wp-json\/wp\/v2\/posts"}],"about":[{"href":"https:\/\/www.europesays.com\/pt\/wp-json\/wp\/v2\/types\/post"}],"author":[{"embeddable":true,"href":"https:\/\/www.europesays.com\/pt\/wp-json\/wp\/v2\/users\/2"}],"replies":[{"embeddable":true,"href":"https:\/\/www.europesays.com\/pt\/wp-json\/wp\/v2\/comments?post=134777"}],"version-history":[{"count":0,"href":"https:\/\/www.europesays.com\/pt\/wp-json\/wp\/v2\/posts\/134777\/revisions"}],"wp:featuredmedia":[{"embeddable":true,"href":"https:\/\/www.europesays.com\/pt\/wp-json\/wp\/v2\/media\/134778"}],"wp:attachment":[{"href":"https:\/\/www.europesays.com\/pt\/wp-json\/wp\/v2\/media?parent=134777"}],"wp:term":[{"taxonomy":"category","embeddable":true,"href":"https:\/\/www.europesays.com\/pt\/wp-json\/wp\/v2\/categories?post=134777"},{"taxonomy":"post_tag","embeddable":true,"href":"https:\/\/www.europesays.com\/pt\/wp-json\/wp\/v2\/tags?post=134777"}],"curies":[{"name":"wp","href":"https:\/\/api.w.org\/{rel}","templated":true}]}}