{"id":134779,"date":"2025-11-01T00:00:09","date_gmt":"2025-11-01T00:00:09","guid":{"rendered":"https:\/\/www.europesays.com\/pt\/134779\/"},"modified":"2025-11-01T00:00:09","modified_gmt":"2025-11-01T00:00:09","slug":"travessura-ele-e-a-propria-docura-filho-de-maria-botelho-moniz-vence-o-disfarce-mais-fofo-de-halloween-secret-story","status":"publish","type":"post","link":"https:\/\/www.europesays.com\/pt\/134779\/","title":{"rendered":"\u00abTravessura? Ele \u00e9 a pr\u00f3pria do\u00e7ura!\u00bb: Filho de Maria Botelho Moniz &#8216;vence&#8217; o disfarce mais fofo de Halloween &#8211; Secret Story"},"content":{"rendered":"<p><strong>Maria Botelho Moniz <\/strong>surpreendeu tudo e todos com as novas fotografias que partilhou do filho, <a href=\"https:\/\/tvi.iol.pt\/secretstory\/looks-halloween\/looks-criancas-halloween\/sem-ideias-para-o-look-de-halloween-dos-seus-filhos-inspire-se-nestas-mini-estrelas\" rel=\"nofollow noopener\" target=\"_blank\"><strong>Vicente<\/strong>, com o seu disfarce de <strong>Halloween.<\/strong><\/a><\/p>\n<p>A <strong>apresentadora da TVI<\/strong> partilhou, no Instagram, um conjunto de fotografias assustadoramente fofas do menino vestido de esqueleto, mas sempre muito sorridente!<\/p>\n<p><strong>\u00abO meu esqueleto \ud83e\udd0d\ud83e\udd79\u00bb<\/strong>, escreveu, na legenda da publica\u00e7\u00e3o.\u00a0<\/p>\n<p>Os f\u00e3s ficaram rendidos aos registos fotogr\u00e1ficos e encheram a caixa de coment\u00e1rios de rasgados elogios \u00e0 fofura de Vicente. <strong>\u00abN\u00e3o consigo ficar assustada! S\u00f3 mesmo encantada com esta carinha doce! \ud83e\udef6\ud83c\udffb\u00bb<\/strong>, \u00abO Vicente est\u00e1 cada vez mais lindo e risonho \ud83d\ude0d\u00bb, \u00abQue amoroso! \ud83d\ude0d\u00bb, \u00abQue travessura mais linda \ud83d\ude0d\u00bb,<strong> \u00abQue carinha linda e fofinha que ele tem \u2764\ufe0f\u00bb, \u00abQue maravilha de menino \ud83d\ude0d\u00bb<\/strong>, \u00abO verdadeiro Nenuco \ud83d\ude0d\u00bb, <strong>\u00abDo\u00e7ura ou travessura? Ele \u00e9 a pr\u00f3pria do\u00e7ura! Coisinha linda!\ud83d\udc99\u00bb, \u00abum susto com muita fofura \ud83d\udc96\u00bb<\/strong>, pode ler-se.<\/p>\n<blockquote class=\"instagram-media\" data-instgrm-captioned=\"\" data-instgrm-permalink=\"https:\/\/www.instagram.com\/p\/DQeYJ7TCDT5\/?utm_source=ig_embed&amp;utm_campaign=loading\" data-instgrm-version=\"14\" style=\" background:#FFF; border:0; border-radius:3px; box-shadow:0 0 1px 0 rgba(0,0,0,0.5),0 1px 10px 0 rgba(0,0,0,0.15); margin: 1px; max-width:540px; min-width:326px; padding:0; width:99.375%; width:-webkit-calc(100% - 2px); width:calc(100% - 2px);\">\n<\/blockquote>\n<p><strong>Percorra a nossa galeria e veja as fotografias de Vicente que est\u00e3o a derreter as redes sociais<\/strong><\/p>\n<p>\u00a0<\/p>\n<p>                        <script async src=\"\/\/www.instagram.com\/embed.js\"><\/script><\/p>\n","protected":false},"excerpt":{"rendered":"Maria Botelho Moniz surpreendeu tudo e todos com as novas fotografias que partilhou do filho, Vicente, com o&hellip;\n","protected":false},"author":2,"featured_media":134780,"comment_status":"","ping_status":"","sticky":false,"template":"","format":"standard","meta":{"footnotes":""},"categories":[142],"tags":[8113,2632,329,333,328,335,336,114,115,334,3435,330,1326,338,19019,13,32,33,1315,8174,151,162,19020,227],"class_list":{"0":"post-134779","1":"post","2":"type-post","3":"status-publish","4":"format-standard","5":"has-post-thumbnail","7":"category-tv","8":"tag-alice-alves","9":"tag-casa-dos-segredos","10":"tag-claudio-ramos","11":"tag-comentadores","12":"tag-concorrentes","13":"tag-confrontos","14":"tag-discussoes","15":"tag-entertainment","16":"tag-entretenimento","17":"tag-exclusivos","18":"tag-filho","19":"tag-gala","20":"tag-mafalda-castro","21":"tag-maria-botelho-moniz","22":"tag-marta-cardoso","23":"tag-noticias","24":"tag-portugal","25":"tag-pt","26":"tag-secret-story","27":"tag-segredos","28":"tag-tv","29":"tag-tvi","30":"tag-video-do-dia","31":"tag-videos"},"share_on_mastodon":{"url":"https:\/\/pubeurope.com\/@pt\/115471504101159845","error":""},"_links":{"self":[{"href":"https:\/\/www.europesays.com\/pt\/wp-json\/wp\/v2\/posts\/134779","targetHints":{"allow":["GET"]}}],"collection":[{"href":"https:\/\/www.europesays.com\/pt\/wp-json\/wp\/v2\/posts"}],"about":[{"href":"https:\/\/www.europesays.com\/pt\/wp-json\/wp\/v2\/types\/post"}],"author":[{"embeddable":true,"href":"https:\/\/www.europesays.com\/pt\/wp-json\/wp\/v2\/users\/2"}],"replies":[{"embeddable":true,"href":"https:\/\/www.europesays.com\/pt\/wp-json\/wp\/v2\/comments?post=134779"}],"version-history":[{"count":0,"href":"https:\/\/www.europesays.com\/pt\/wp-json\/wp\/v2\/posts\/134779\/revisions"}],"wp:featuredmedia":[{"embeddable":true,"href":"https:\/\/www.europesays.com\/pt\/wp-json\/wp\/v2\/media\/134780"}],"wp:attachment":[{"href":"https:\/\/www.europesays.com\/pt\/wp-json\/wp\/v2\/media?parent=134779"}],"wp:term":[{"taxonomy":"category","embeddable":true,"href":"https:\/\/www.europesays.com\/pt\/wp-json\/wp\/v2\/categories?post=134779"},{"taxonomy":"post_tag","embeddable":true,"href":"https:\/\/www.europesays.com\/pt\/wp-json\/wp\/v2\/tags?post=134779"}],"curies":[{"name":"wp","href":"https:\/\/api.w.org\/{rel}","templated":true}]}}