{"id":134785,"date":"2025-11-01T00:03:08","date_gmt":"2025-11-01T00:03:08","guid":{"rendered":"https:\/\/www.europesays.com\/pt\/134785\/"},"modified":"2025-11-01T00:03:08","modified_gmt":"2025-11-01T00:03:08","slug":"avancado-do-fc-porto-mantem-se-como-indiscutivel-na-ligue-1","status":"publish","type":"post","link":"https:\/\/www.europesays.com\/pt\/134785\/","title":{"rendered":"Avan\u00e7ado do FC Porto mant\u00e9m-se como indiscut\u00edvel na Ligue 1"},"content":{"rendered":"<p>&#8211; Advertisement &#8211;<\/p>\n<p><strong>Danny Namaso est\u00e1 emprestado pelo FC Porto ao Auxerre, onde tem sido um habitual titular todas as semanas.<\/strong><\/p>\n<p>Danny Namaso tem sido um habitual titular do Auxerre durante esta \u00e9poca. O avan\u00e7ado camaron\u00eas, emprestado pelo FC Porto, completou os 90 minutos de quatro dos cinco \u00faltimos encontros dos gauleses. No \u00fanico jogo em que foi substitu\u00eddo, atuou por 74 minutos contra o PSG.<\/p>\n<p>No total, Danny Namaso leva oito encontros disputados, com dois golos, somando 642 minutos. O acordo entre os dois emblemas termina no final da \u00e9poca e conta com uma op\u00e7\u00e3o de compra.<\/p>\n<p><strong>Jogador n\u00e3o se afirmou no Drag\u00e3o<\/strong><\/p>\n<p>Danny Namaso chegou ao FC Porto em 2020, proveniente do Reading, sendo inicialmente refor\u00e7o para a equipa B. Na \u00faltima temporada foi utilizado em v\u00e1rias ocasi\u00f5es por V\u00edtor Bruno e Mart\u00edn Anselmi, com 42 partidas, quatro golos e uma assist\u00eancia. O seu contrato termina em 2028.<\/p>\n<p>O Auxerre ocupa a 17.\u00aa posi\u00e7\u00e3o da<a href=\"https:\/\/bolanarede.pt\/etiqueta\/ligue-1\/\" target=\"_blank\" rel=\"noreferrer noopener nofollow\"> Ligue 1<\/a>, com sete pontos em 10 jornadas.<\/p>\n","protected":false},"excerpt":{"rendered":"&#8211; Advertisement &#8211; Danny Namaso est\u00e1 emprestado pelo FC Porto ao Auxerre, onde tem sido um habitual titular&hellip;\n","protected":false},"author":2,"featured_media":134786,"comment_status":"","ping_status":"","sticky":false,"template":"","format":"standard","meta":{"footnotes":""},"categories":[87],"tags":[260,30339,2436,135,282,1767,32,33,134],"class_list":{"0":"post-134785","1":"post","2":"type-post","3":"status-publish","4":"format-standard","5":"has-post-thumbnail","7":"category-desporto","8":"tag-atualidade","9":"tag-auxerre","10":"tag-danny-namaso","11":"tag-desporto","12":"tag-fc-porto","13":"tag-ligue-1","14":"tag-portugal","15":"tag-pt","16":"tag-sports"},"share_on_mastodon":{"url":"https:\/\/pubeurope.com\/@pt\/115471515968724726","error":""},"_links":{"self":[{"href":"https:\/\/www.europesays.com\/pt\/wp-json\/wp\/v2\/posts\/134785","targetHints":{"allow":["GET"]}}],"collection":[{"href":"https:\/\/www.europesays.com\/pt\/wp-json\/wp\/v2\/posts"}],"about":[{"href":"https:\/\/www.europesays.com\/pt\/wp-json\/wp\/v2\/types\/post"}],"author":[{"embeddable":true,"href":"https:\/\/www.europesays.com\/pt\/wp-json\/wp\/v2\/users\/2"}],"replies":[{"embeddable":true,"href":"https:\/\/www.europesays.com\/pt\/wp-json\/wp\/v2\/comments?post=134785"}],"version-history":[{"count":0,"href":"https:\/\/www.europesays.com\/pt\/wp-json\/wp\/v2\/posts\/134785\/revisions"}],"wp:featuredmedia":[{"embeddable":true,"href":"https:\/\/www.europesays.com\/pt\/wp-json\/wp\/v2\/media\/134786"}],"wp:attachment":[{"href":"https:\/\/www.europesays.com\/pt\/wp-json\/wp\/v2\/media?parent=134785"}],"wp:term":[{"taxonomy":"category","embeddable":true,"href":"https:\/\/www.europesays.com\/pt\/wp-json\/wp\/v2\/categories?post=134785"},{"taxonomy":"post_tag","embeddable":true,"href":"https:\/\/www.europesays.com\/pt\/wp-json\/wp\/v2\/tags?post=134785"}],"curies":[{"name":"wp","href":"https:\/\/api.w.org\/{rel}","templated":true}]}}