{"id":134794,"date":"2025-11-01T00:14:09","date_gmt":"2025-11-01T00:14:09","guid":{"rendered":"https:\/\/www.europesays.com\/pt\/134794\/"},"modified":"2025-11-01T00:14:09","modified_gmt":"2025-11-01T00:14:09","slug":"podera-pedro-jorge-trocar-marisa-por-liliana-a-teoria-de-claudio-ramos-que-esta-a-dar-que-falar-secret-story","status":"publish","type":"post","link":"https:\/\/www.europesays.com\/pt\/134794\/","title":{"rendered":"Poder\u00e1 Pedro Jorge trocar Marisa por Liliana? A teoria de Cl\u00e1udio Ramos que est\u00e1 a dar que falar &#8211; Secret Story"},"content":{"rendered":"<p>O clima no <a href=\"https:\/\/tvi.iol.pt\/doisas10\/\" target=\"_blank\" rel=\"nofollow noopener\"><strong>Dois \u00e0s 10<\/strong><\/a> aqueceu esta manh\u00e3 quando <strong>Cl\u00e1udio Ramos<\/strong> abordou uma nova possibilidade dentro da casa do <strong><a href=\"https:\/\/tvi.iol.pt\/secretstory\/videos\" rel=\"nofollow noopener\" target=\"_blank\">Secret Story 9<\/a><\/strong>. Em conversa com J\u00e9ssica Vieira, Rita Almeida e Tiago Rufino, o apresentador refletiu sobre a rela\u00e7\u00e3o entre Pedro Jorge e Marisa e o impacto da presen\u00e7a de Liliana.<\/p>\n<p>\u00abN\u00e3o sei se o Pedro, que s\u00f3 tem 28 anos, se o encanto pela Liliana n\u00e3o pode resvalar para um lugar&#8230; N\u00e3o sei se a Marisa aguenta\u00bb, afirmou Cl\u00e1udio Ramos, deixando o painel de comentadores a pensar. O coment\u00e1rio surgiu ap\u00f3s a an\u00e1lise dos momentos mais intensos da semana, incluindo aproxima\u00e7\u00f5es subtis e trocas de olhares que t\u00eam dado que falar na casa mais vigiada do pa\u00eds.<\/p>\n<p>Veja o v\u00eddeo e entenda a teoria: <\/p>\n<p>Para al\u00e9m disto,\u00a0<strong>Cl\u00e1udio Ramos est\u00e1 rendido a uma concorrente do <a href=\"https:\/\/tvi.iol.pt\/secretstory\/videos\" rel=\"nofollow noopener\" target=\"_blank\">Secret Story 9<\/a><\/strong><a href=\"https:\/\/tvi.iol.pt\/secretstory\/videos\" rel=\"nofollow noopener\" target=\"_blank\">.<\/a> A revela\u00e7\u00e3o foi feita durante a emiss\u00e3o desta quinta-feira, 30 de outubro, do <strong>Dois \u00e0s 10.<\/strong>\u00a0<strong>Gon\u00e7alo Quinaz apontou cr\u00edticas a Pedro Jorge<\/strong>, <a href=\"https:\/\/tvi.iol.pt\/secretstory\/video\/goncalo-quinaz-sobre-atitudes-de-pedro-jorge-com-marisa-nao-e-bonito\/690341370cf2c7eb2444385f\" rel=\"nofollow noopener\" target=\"_blank\">questionando a forma como o concorrente tem tratado a companheira <\/a>dentro da casa. Ainda assim, o comentador n\u00e3o poupou tamb\u00e9m Marisa a algumas observa\u00e7\u00f5es. Em tom mais descontra\u00eddo, <a href=\"https:\/\/tvi.iol.pt\/secretstory\/claudio-ramos\/reality-show\/namoro-iconico-de-ex-concorrente-chegou-ao-fim-e-deixou-claudio-ramos-em-choque\" rel=\"nofollow noopener\" target=\"_blank\">Cl\u00e1udio Ramos reagiu<\/a>: <strong>\u00abAh, eu estou a adorar. Mas porqu\u00ea? D\u00e1-me um exemplo\u00bb.<\/strong><\/p>\n<p>Perante a provoca\u00e7\u00e3o, Quinaz esclareceu o seu ponto de vista. \u00abResumindo. N\u00e3o \u00e9 somente pelo almo\u00e7o com o Dylan, pela escolha dela, at\u00e9 a\u00ed \u00e9 leg\u00edtimo ela fazer por jogo, pelo que quer que seja, mas acima de tudo, por aquilo que ela disse no almo\u00e7o, n\u00e3o tem necessidade. <strong>Pode escolher o Dylan, n\u00e3o tem necessidade de expor as pessoas mais pr\u00f3ximas dela<\/strong>\u00bb, disse.<\/p>\n<p>A conversa aqueceu quando Cristina Ferreira saiu em defesa de Marisa: \u00abMas qual expor? <strong>Aquilo era uma jogada dela. Mas a rapariga estava a jogar. Ele pode andar a fazer massagens \u00e0s outras e n\u00e3o \u00e9 julgado?<\/strong>\u00bb<\/p>\n<p>Por fim, Cl\u00e1udio Ramos deixou clara a sua opini\u00e3o sobre a concorrente \u00ab<strong>Digo-te uma coisa, a Marisa para mim \u00e9 das melhores jogadoras ali dentro. <\/strong>Esta semana ent\u00e3o estou encantado com ela\u00bb.<\/p>\n<p><strong>Veja aqui o v\u00eddeo do momento:<\/strong><\/p>\n<p>\u00a0<\/p>\n","protected":false},"excerpt":{"rendered":"O clima no Dois \u00e0s 10 aqueceu esta manh\u00e3 quando Cl\u00e1udio Ramos abordou uma nova possibilidade dentro da&hellip;\n","protected":false},"author":2,"featured_media":134795,"comment_status":"","ping_status":"","sticky":false,"template":"","format":"standard","meta":{"footnotes":""},"categories":[142],"tags":[18706,2632,329,114,115,18705,19016,19184,21416,32,33,1315,151,18704],"class_list":{"0":"post-134794","1":"post","2":"type-post","3":"status-publish","4":"format-standard","5":"has-post-thumbnail","7":"category-tv","8":"tag-bastidores-secret-story","9":"tag-casa-dos-segredos","10":"tag-claudio-ramos","11":"tag-entertainment","12":"tag-entretenimento","13":"tag-entrevistas-concorrentes-tvi","14":"tag-liliana","15":"tag-marisa","16":"tag-pedro-jorge","17":"tag-portugal","18":"tag-pt","19":"tag-secret-story","20":"tag-tv","21":"tag-vida-fora-da-casa"},"share_on_mastodon":{"url":"https:\/\/pubeurope.com\/@pt\/115471559215202772","error":""},"_links":{"self":[{"href":"https:\/\/www.europesays.com\/pt\/wp-json\/wp\/v2\/posts\/134794","targetHints":{"allow":["GET"]}}],"collection":[{"href":"https:\/\/www.europesays.com\/pt\/wp-json\/wp\/v2\/posts"}],"about":[{"href":"https:\/\/www.europesays.com\/pt\/wp-json\/wp\/v2\/types\/post"}],"author":[{"embeddable":true,"href":"https:\/\/www.europesays.com\/pt\/wp-json\/wp\/v2\/users\/2"}],"replies":[{"embeddable":true,"href":"https:\/\/www.europesays.com\/pt\/wp-json\/wp\/v2\/comments?post=134794"}],"version-history":[{"count":0,"href":"https:\/\/www.europesays.com\/pt\/wp-json\/wp\/v2\/posts\/134794\/revisions"}],"wp:featuredmedia":[{"embeddable":true,"href":"https:\/\/www.europesays.com\/pt\/wp-json\/wp\/v2\/media\/134795"}],"wp:attachment":[{"href":"https:\/\/www.europesays.com\/pt\/wp-json\/wp\/v2\/media?parent=134794"}],"wp:term":[{"taxonomy":"category","embeddable":true,"href":"https:\/\/www.europesays.com\/pt\/wp-json\/wp\/v2\/categories?post=134794"},{"taxonomy":"post_tag","embeddable":true,"href":"https:\/\/www.europesays.com\/pt\/wp-json\/wp\/v2\/tags?post=134794"}],"curies":[{"name":"wp","href":"https:\/\/api.w.org\/{rel}","templated":true}]}}