{"id":134811,"date":"2025-11-01T00:26:08","date_gmt":"2025-11-01T00:26:08","guid":{"rendered":"https:\/\/www.europesays.com\/pt\/134811\/"},"modified":"2025-11-01T00:26:08","modified_gmt":"2025-11-01T00:26:08","slug":"apos-banana-adesivada-artista-vende-privada-por-r-53-milhoes","status":"publish","type":"post","link":"https:\/\/www.europesays.com\/pt\/134811\/","title":{"rendered":"Ap\u00f3s banana adesivada, artista vende privada por R$ 53 milh\u00f5es"},"content":{"rendered":"<p>Galperin afirmou que essa decis\u00e3o busca evidenciar a diferen\u00e7a entre o valor material e o valor art\u00edstico de uma obra. A escultura, segundo ele, dialoga com outros trabalhos provocativos de Cattelan, como \u201cComedian\u201d, a banana fixada \u00e0 parede com fita adesiva, vendida por US$ 6,24 milh\u00f5es em 2024.<\/p>\n<p>A Sotheby\u2019s informou que esta pode ser a \u00fanica vers\u00e3o f\u00edsica de \u201cAmerica\u201d dispon\u00edvel, embora Cattelan tenha planejado a cria\u00e7\u00e3o de tr\u00eas exemplares. Para Galperin, a obra se insere na tradi\u00e7\u00e3o de artistas que questionam o sistema da arte, como Marcel Duchamp, autor do mict\u00f3rio invertido apresentado em 1917.<\/p>\n","protected":false},"excerpt":{"rendered":"Galperin afirmou que essa decis\u00e3o busca evidenciar a diferen\u00e7a entre o valor material e o valor art\u00edstico de&hellip;\n","protected":false},"author":2,"featured_media":134812,"comment_status":"","ping_status":"","sticky":false,"template":"","format":"standard","meta":{"footnotes":""},"categories":[144],"tags":[207,205,206,203,201,202,204,114,115,32,33],"class_list":{"0":"post-134811","1":"post","2":"type-post","3":"status-publish","4":"format-standard","5":"has-post-thumbnail","7":"category-arte-e-design","8":"tag-arte","9":"tag-arte-e-design","10":"tag-artedesign","11":"tag-arts","12":"tag-arts-and-design","13":"tag-artsanddesign","14":"tag-design","15":"tag-entertainment","16":"tag-entretenimento","17":"tag-portugal","18":"tag-pt"},"share_on_mastodon":{"url":"https:\/\/pubeurope.com\/@pt\/115471606299018465","error":""},"_links":{"self":[{"href":"https:\/\/www.europesays.com\/pt\/wp-json\/wp\/v2\/posts\/134811","targetHints":{"allow":["GET"]}}],"collection":[{"href":"https:\/\/www.europesays.com\/pt\/wp-json\/wp\/v2\/posts"}],"about":[{"href":"https:\/\/www.europesays.com\/pt\/wp-json\/wp\/v2\/types\/post"}],"author":[{"embeddable":true,"href":"https:\/\/www.europesays.com\/pt\/wp-json\/wp\/v2\/users\/2"}],"replies":[{"embeddable":true,"href":"https:\/\/www.europesays.com\/pt\/wp-json\/wp\/v2\/comments?post=134811"}],"version-history":[{"count":0,"href":"https:\/\/www.europesays.com\/pt\/wp-json\/wp\/v2\/posts\/134811\/revisions"}],"wp:featuredmedia":[{"embeddable":true,"href":"https:\/\/www.europesays.com\/pt\/wp-json\/wp\/v2\/media\/134812"}],"wp:attachment":[{"href":"https:\/\/www.europesays.com\/pt\/wp-json\/wp\/v2\/media?parent=134811"}],"wp:term":[{"taxonomy":"category","embeddable":true,"href":"https:\/\/www.europesays.com\/pt\/wp-json\/wp\/v2\/categories?post=134811"},{"taxonomy":"post_tag","embeddable":true,"href":"https:\/\/www.europesays.com\/pt\/wp-json\/wp\/v2\/tags?post=134811"}],"curies":[{"name":"wp","href":"https:\/\/api.w.org\/{rel}","templated":true}]}}