{"id":134817,"date":"2025-11-01T00:32:14","date_gmt":"2025-11-01T00:32:14","guid":{"rendered":"https:\/\/www.europesays.com\/pt\/134817\/"},"modified":"2025-11-01T00:32:14","modified_gmt":"2025-11-01T00:32:14","slug":"cemiterios-municipais-estarao-abertos-das-7h-as-19h","status":"publish","type":"post","link":"https:\/\/www.europesays.com\/pt\/134817\/","title":{"rendered":"Cemit\u00e9rios municipais estar\u00e3o abertos das 7h \u00e0s 19h"},"content":{"rendered":"<p>A Prefeitura de Chapec\u00f3 informa que os cemit\u00e9rios municipais estar\u00e3o abertos para visita\u00e7\u00e3o das 7h \u00e0s 19h, tanto no s\u00e1bado (1), quando no domingo (2), dia de Finados. Isso nos quatro cemit\u00e9rios que s\u00e3o administrados pela Prefeitura, que s\u00e3o do Ecum\u00eanico Municipal Jo\u00e3o Paulo II, Jardim do \u00c9den, da Linha Tomazelli e do distrito de Marechal Bormann.<\/p>\n<p>\tO diretor geral de Gest\u00e3o Administrativa, Marcos Giovanoni, lembrou que o prazo para limpeza dos t\u00famulos encerra nesta sexta-feira (31) e o prazo de reformas j\u00e1 encerrou. <\/p>\n<p>\u0093A Prefeitura tamb\u00e9m realizou os servi\u00e7os de limpeza das \u00e1reas comuns, ajardinamento, reformas e pintura. No Finados n\u00f3s teremos o apoio da Guarda Municipal para orientar o tr\u00e2nsito, principalmente no Jardim do \u00c9den. No Cemit\u00e9rio Central n\u00f3s vamos isolar parte da Achiles Tomazelli, entre as avenidas Get\u00falio Vargas e Fernando Machado. Os ambulantes poder\u00e3o atuar somente na \u00e1rea externa\u0094, disse Marcos.<\/p>\n<p>\tEle tamb\u00e9m orientou os concession\u00e1rios de sepulturas para nos pr\u00f3ximos dias buscar o setor de Servi\u00e7os Gerais, que fica na sede da Prefeitura, na Avenida Get\u00falio Vargas 957 S, para atualiza\u00e7\u00e3o de cadastro. Informa\u00e7\u00f5es e esclarecimentos podem ser obtidas pelos n\u00fameros de telefone 49-99165-5093 ou 49 3321-8435.<\/p>\n<p>\tAl\u00e9m disso a Secretaria de Sa\u00fade, por meio da Vigil\u00e2ncia Ambiental, refor\u00e7ou as a\u00e7\u00f5es de orienta\u00e7\u00e3o e fiscaliza\u00e7\u00e3o, voltadas tanto para a popula\u00e7\u00e3o quanto para fornecedores de flores e artigos funer\u00e1rios. O objetivo \u00e9 eliminar dep\u00f3sitos de \u00e1gua, como pl\u00e1sticos de vasos, recipientes e outros materiais que possam acumular \u00e1gua, especialmente nos cemit\u00e9rios, onde o risco de prolifera\u00e7\u00e3o \u00e9 elevado.<\/p>\n<p>Recomenda\u00e7\u00f5es \u00e0 popula\u00e7\u00e3o:<\/p>\n<p>-Colocar areia ou terra nos locais dos t\u00famulos que possam acumular \u00e1gua.<\/p>\n<p>-Floreiras de concreto devem estar furadas para permitir o escoamento da \u00e1gua.<\/p>\n<p>-Remover vasos pl\u00e1sticos ou inspecionar e furar a base dos arranjos de flores, garantindo que a \u00e1gua escorra.<\/p>\n<p>-Evitar deixar pratos, potes ou qualquer recipiente que possa reter \u00e1gua, mesmo em locais cobertos.<\/p>\n<p>                                                                <img decoding=\"async\" class=\"img-cover lazyload\" src=\"https:\/\/www.europesays.com\/pt\/wp-content\/uploads\/2025\/11\/23043.jpg\" alt=\"\"\/><\/p>\n<p>                                                                <img decoding=\"async\" class=\"img-cover lazyload\" src=\"https:\/\/www.europesays.com\/pt\/wp-content\/uploads\/2025\/11\/23044.jpg\" alt=\"\"\/><\/p>\n","protected":false},"excerpt":{"rendered":"A Prefeitura de Chapec\u00f3 informa que os cemit\u00e9rios municipais estar\u00e3o abertos para visita\u00e7\u00e3o das 7h \u00e0s 19h, tanto&hellip;\n","protected":false},"author":2,"featured_media":134818,"comment_status":"","ping_status":"","sticky":false,"template":"","format":"standard","meta":{"footnotes":""},"categories":[86],"tags":[9854,9855,116,5231,32,3046,33,117,4077],"class_list":{"0":"post-134817","1":"post","2":"type-post","3":"status-publish","4":"format-standard","5":"has-post-thumbnail","7":"category-saude","8":"tag-chapeco","9":"tag-gestao","10":"tag-health","11":"tag-municipal","12":"tag-portugal","13":"tag-prefeitura","14":"tag-pt","15":"tag-saude","16":"tag-secretarias"},"share_on_mastodon":{"url":"https:\/\/pubeurope.com\/@pt\/115471630183664712","error":""},"_links":{"self":[{"href":"https:\/\/www.europesays.com\/pt\/wp-json\/wp\/v2\/posts\/134817","targetHints":{"allow":["GET"]}}],"collection":[{"href":"https:\/\/www.europesays.com\/pt\/wp-json\/wp\/v2\/posts"}],"about":[{"href":"https:\/\/www.europesays.com\/pt\/wp-json\/wp\/v2\/types\/post"}],"author":[{"embeddable":true,"href":"https:\/\/www.europesays.com\/pt\/wp-json\/wp\/v2\/users\/2"}],"replies":[{"embeddable":true,"href":"https:\/\/www.europesays.com\/pt\/wp-json\/wp\/v2\/comments?post=134817"}],"version-history":[{"count":0,"href":"https:\/\/www.europesays.com\/pt\/wp-json\/wp\/v2\/posts\/134817\/revisions"}],"wp:featuredmedia":[{"embeddable":true,"href":"https:\/\/www.europesays.com\/pt\/wp-json\/wp\/v2\/media\/134818"}],"wp:attachment":[{"href":"https:\/\/www.europesays.com\/pt\/wp-json\/wp\/v2\/media?parent=134817"}],"wp:term":[{"taxonomy":"category","embeddable":true,"href":"https:\/\/www.europesays.com\/pt\/wp-json\/wp\/v2\/categories?post=134817"},{"taxonomy":"post_tag","embeddable":true,"href":"https:\/\/www.europesays.com\/pt\/wp-json\/wp\/v2\/tags?post=134817"}],"curies":[{"name":"wp","href":"https:\/\/api.w.org\/{rel}","templated":true}]}}