{"id":134831,"date":"2025-11-01T00:54:13","date_gmt":"2025-11-01T00:54:13","guid":{"rendered":"https:\/\/www.europesays.com\/pt\/134831\/"},"modified":"2025-11-01T00:54:13","modified_gmt":"2025-11-01T00:54:13","slug":"senado-dos-eua-revoga-tarifas-alfandegarias-de-trump-a-paises-aliados","status":"publish","type":"post","link":"https:\/\/www.europesays.com\/pt\/134831\/","title":{"rendered":"Senado dos EUA revoga tarifas alfandeg\u00e1rias de Trump a pa\u00edses aliados"},"content":{"rendered":"<p data-remotead-prev-elm=\"true\" data-remotead-elm-id=\"inread\">A resolu\u00e7\u00e3o aprovada esta quinta-feira visa eliminar as tarifas aplicadas \u00e0s importa\u00e7\u00f5es de pa\u00edses aliados como o Jap\u00e3o, a Coreia do Sul e a Uni\u00e3o Europeia, noticia o site noticioso &#8220;The Hill&#8221;.<\/p>\n<p>A mesma resolu\u00e7\u00e3o chumbou no Senado em abril, quando o vice-presidente J. D. Vance exerceu o seu voto na c\u00e2mara alta para assegurar 51 votos (em 100 senadores). <\/p>\n<p>Quatro senadores republicanos &#8211; Lisa Murkowski, Susan Collins, Mitch McConnell e Rand Paul &#8211; votaram novamente com todos os democratas a aprova\u00e7\u00e3o da resolu\u00e7\u00e3o, depois de j\u00e1 o terem feito em rela\u00e7\u00e3o ao Brasil e ao Canad\u00e1. <\/p>\n<p data-remotead-prev-elm=\"true\" data-remotead-elm-id=\"centro1\">A vota\u00e7\u00e3o \u00e9 sobretudo simb\u00f3lica, uma vez que precisa de seguir para a C\u00e2mara dos Representantes (c\u00e2mara baixa do Congresso), onde tem poucas hip\u00f3teses de ser aprovada. Mesmo que sejam aprovadas pelo Congresso, as resolu\u00e7\u00f5es ser\u00e3o vetadas por Trump.<\/p>\n<p>Num novo desafio \u00e0 pol\u00edtica comercial de Trump, ap\u00f3s ter abolido as tarifas ao Brasil, o Senado aprovou na quarta-feira a revoga\u00e7\u00e3o das tarifas impostas \u00e0s importa\u00e7\u00f5es canadianas pelo Presidente.<\/p>\n<p>A mo\u00e7\u00e3o apresentada pelos democratas foi aprovada por 50 votos contra 46.<\/p>\n<p data-remotead-prev-elm=\"true\" data-remotead-elm-id=\"centro2\">Na ter\u00e7a-feira, a c\u00e2mara alta do Congresso tinha aprovado uma legisla\u00e7\u00e3o apresentada pelo senador democrata da Virg\u00ednia Tim Kaine para anular as tarifas alfandeg\u00e1rias ao Brasil.<\/p>\n<p>Embora as resolu\u00e7\u00f5es n\u00e3o entrem efetivamente em vigor, revelaram-se uma forma eficaz de os democratas exporem as diverg\u00eancias entre a pol\u00edtica comercial do Presidente e os senadores republicanos que tradicionalmente apoiam o com\u00e9rcio livre.  <\/p>\n<p>Kaine disse que as vota\u00e7\u00f5es s\u00e3o uma forma de for\u00e7ar um debate no Senado sobre &#8220;a destrui\u00e7\u00e3o econ\u00f3mica das tarifas&#8221; e uma forma de mostrar como est\u00e1 a crescer a oposi\u00e7\u00e3o republicana \u00e0 pol\u00edtica comercial de Trump.<\/p>\n<p data-remotead-prev-elm=\"true\" data-remotead-elm-id=\"centro3\">Trump relacionou as tarifas ao Brasil com as pol\u00edticas do pa\u00eds e com o processo criminal contra o ex-presidente Jair Bolsonaro, seu aliado.<\/p>\n<p>Washington teve um excedente comercial de 6,8 mil milh\u00f5es de d\u00f3lares (5,8 mil milh\u00f5es de euros, \u00e0 taxa de c\u00e2mbio atual) com o Brasil no ano passado, de acordo com estat\u00edsticas oficiais. <\/p>\n<p>Para promover as vota\u00e7\u00f5es, Kaine invocou uma lei com d\u00e9cadas de exist\u00eancia que permite ao Congresso bloquear os poderes de emerg\u00eancia de um presidente e que os membros do partido minorit\u00e1rio forcem a vota\u00e7\u00e3o das resolu\u00e7\u00f5es.<\/p>\n<p data-remotead-prev-elm=\"true\" data-remotead-elm-id=\"centro4\">O Supremo Tribunal tamb\u00e9m vai analisar em breve um caso que contesta a autoridade de Trump para implementar tarifas abrangentes. Tribunais inferiores consideraram a maioria das suas tarifas ilegais.<\/p>\n<p>Alguns republicanos sublinharam, por isso, que v\u00e3o esperar pelo desfecho deste caso antes de votarem contra as medidas do presidente.<\/p>\n<p>Kaine planeia tamb\u00e9m apresentar uma resolu\u00e7\u00e3o para colocar um trav\u00e3o \u00e0 capacidade de Trump de realizar ataques militares contra a Venezuela, \u00e0 medida que as For\u00e7as Armadas intensificam a sua presen\u00e7a e opera\u00e7\u00f5es na regi\u00e3o das Cara\u00edbas.<\/p>\n<p>O senador sublinhou que isso permitir\u00e1 aos democratas sa\u00edrem da defensiva enquanto est\u00e3o em minoria e, em vez disso, for\u00e7arem vota\u00e7\u00f5es em &#8220;pontos de desconforto&#8221; para os republicanos.<\/p>\n","protected":false},"excerpt":{"rendered":"A resolu\u00e7\u00e3o aprovada esta quinta-feira visa eliminar as tarifas aplicadas \u00e0s importa\u00e7\u00f5es de pa\u00edses aliados como o Jap\u00e3o,&hellip;\n","protected":false},"author":2,"featured_media":134832,"comment_status":"","ping_status":"","sticky":false,"template":"","format":"standard","meta":{"footnotes":""},"categories":[50],"tags":[27,28,92,15,16,14,25,26,21,22,62,12,13,19,20,23,24,9065,717,17,18,29,30,31,63,64,65],"class_list":{"0":"post-134831","1":"post","2":"type-post","3":"status-publish","4":"format-standard","5":"has-post-thumbnail","7":"category-mundo","8":"tag-breaking-news","9":"tag-breakingnews","10":"tag-donald-trump","11":"tag-featured-news","12":"tag-featurednews","13":"tag-headlines","14":"tag-latest-news","15":"tag-latestnews","16":"tag-main-news","17":"tag-mainnews","18":"tag-mundo","19":"tag-news","20":"tag-noticias","21":"tag-noticias-principais","22":"tag-noticiasprincipais","23":"tag-principais-noticias","24":"tag-principaisnoticias","25":"tag-senado","26":"tag-tarifas","27":"tag-top-stories","28":"tag-topstories","29":"tag-ultimas","30":"tag-ultimas-noticias","31":"tag-ultimasnoticias","32":"tag-world","33":"tag-world-news","34":"tag-worldnews"},"share_on_mastodon":{"url":"https:\/\/pubeurope.com\/@pt\/115471716338722751","error":""},"_links":{"self":[{"href":"https:\/\/www.europesays.com\/pt\/wp-json\/wp\/v2\/posts\/134831","targetHints":{"allow":["GET"]}}],"collection":[{"href":"https:\/\/www.europesays.com\/pt\/wp-json\/wp\/v2\/posts"}],"about":[{"href":"https:\/\/www.europesays.com\/pt\/wp-json\/wp\/v2\/types\/post"}],"author":[{"embeddable":true,"href":"https:\/\/www.europesays.com\/pt\/wp-json\/wp\/v2\/users\/2"}],"replies":[{"embeddable":true,"href":"https:\/\/www.europesays.com\/pt\/wp-json\/wp\/v2\/comments?post=134831"}],"version-history":[{"count":0,"href":"https:\/\/www.europesays.com\/pt\/wp-json\/wp\/v2\/posts\/134831\/revisions"}],"wp:featuredmedia":[{"embeddable":true,"href":"https:\/\/www.europesays.com\/pt\/wp-json\/wp\/v2\/media\/134832"}],"wp:attachment":[{"href":"https:\/\/www.europesays.com\/pt\/wp-json\/wp\/v2\/media?parent=134831"}],"wp:term":[{"taxonomy":"category","embeddable":true,"href":"https:\/\/www.europesays.com\/pt\/wp-json\/wp\/v2\/categories?post=134831"},{"taxonomy":"post_tag","embeddable":true,"href":"https:\/\/www.europesays.com\/pt\/wp-json\/wp\/v2\/tags?post=134831"}],"curies":[{"name":"wp","href":"https:\/\/api.w.org\/{rel}","templated":true}]}}