{"id":134835,"date":"2025-11-01T00:57:16","date_gmt":"2025-11-01T00:57:16","guid":{"rendered":"https:\/\/www.europesays.com\/pt\/134835\/"},"modified":"2025-11-01T00:57:16","modified_gmt":"2025-11-01T00:57:16","slug":"quem-e-kyle-quest-o-cantor-que-roubou-o-coracao-a-neta-de-cavaco-silva","status":"publish","type":"post","link":"https:\/\/www.europesays.com\/pt\/134835\/","title":{"rendered":"Quem \u00e9 Kyle Quest, o cantor que roubou o cora\u00e7\u00e3o \u00e0 neta de Cavaco Silva?"},"content":{"rendered":"<p>No passado fim de semana, Mariana Montez, filha mais velha\u00a0do empres\u00e1rio Lu\u00eds Montez e de Patr\u00edcia Cavaco Silva, <a href=\"https:\/\/selfie.iol.pt\/famosos\/mariana-montez\/neta-de-cavaco-silva-casa-se-em-cerimonia-de-sonho-veja-as-fotos\/20251027\/68ff95dbd34e58bc67975ce9\" target=\"_blank\" rel=\"nofollow noopener\">casou-se numa cerim\u00f3nia de sonho<\/a>, que decorreu na Zambujeira do mar.<\/p>\n<p>Diogo Braga foi o eleito pela neta de Cavaco Silva. Conhecido como Kyle Quest, o jovem tem feiro carreira no mundo da m\u00fasica, paix\u00e3o que tem em comum com o, agora, sogro,\u00a0o empres\u00e1rio Lu\u00eds Montez, conhecido como o rei dos festivais de ver\u00e3o em Portugal,tendo o nome associado a eventos como o\u00a0Super Bock Super Rock e o Meo Sudoeste.<\/p>\n<p>Kyle Quest \u00e9 conhecido pelo estilo pop alternativo e pela est\u00e9tica visual arrojada.<\/p>\n<p>Veja, agora, alguns dos temas da autoria do m\u00fasico e produtor.<\/p>\n","protected":false},"excerpt":{"rendered":"No passado fim de semana, Mariana Montez, filha mais velha\u00a0do empres\u00e1rio Lu\u00eds Montez e de Patr\u00edcia Cavaco Silva,&hellip;\n","protected":false},"author":2,"featured_media":134836,"comment_status":"","ping_status":"","sticky":false,"template":"","format":"standard","meta":{"footnotes":""},"categories":[145],"tags":[1435,29297,211,210,29408,114,115,980,29306,29298,619,15204,32,33,1012],"class_list":{"0":"post-134835","1":"post","2":"type-post","3":"status-publish","4":"format-standard","5":"has-post-thumbnail","7":"category-celebridades","8":"tag-casamento","9":"tag-cavaco-silva","10":"tag-celebridades","11":"tag-celebrities","12":"tag-diogo-braga","13":"tag-entertainment","14":"tag-entretenimento","15":"tag-famosos","16":"tag-kyle-quest","17":"tag-mariana-montez","18":"tag-nacional","19":"tag-noivo","20":"tag-portugal","21":"tag-pt","22":"tag-selfie"},"share_on_mastodon":{"url":"https:\/\/pubeurope.com\/@pt\/115471728152891586","error":""},"_links":{"self":[{"href":"https:\/\/www.europesays.com\/pt\/wp-json\/wp\/v2\/posts\/134835","targetHints":{"allow":["GET"]}}],"collection":[{"href":"https:\/\/www.europesays.com\/pt\/wp-json\/wp\/v2\/posts"}],"about":[{"href":"https:\/\/www.europesays.com\/pt\/wp-json\/wp\/v2\/types\/post"}],"author":[{"embeddable":true,"href":"https:\/\/www.europesays.com\/pt\/wp-json\/wp\/v2\/users\/2"}],"replies":[{"embeddable":true,"href":"https:\/\/www.europesays.com\/pt\/wp-json\/wp\/v2\/comments?post=134835"}],"version-history":[{"count":0,"href":"https:\/\/www.europesays.com\/pt\/wp-json\/wp\/v2\/posts\/134835\/revisions"}],"wp:featuredmedia":[{"embeddable":true,"href":"https:\/\/www.europesays.com\/pt\/wp-json\/wp\/v2\/media\/134836"}],"wp:attachment":[{"href":"https:\/\/www.europesays.com\/pt\/wp-json\/wp\/v2\/media?parent=134835"}],"wp:term":[{"taxonomy":"category","embeddable":true,"href":"https:\/\/www.europesays.com\/pt\/wp-json\/wp\/v2\/categories?post=134835"},{"taxonomy":"post_tag","embeddable":true,"href":"https:\/\/www.europesays.com\/pt\/wp-json\/wp\/v2\/tags?post=134835"}],"curies":[{"name":"wp","href":"https:\/\/api.w.org\/{rel}","templated":true}]}}