{"id":134862,"date":"2025-11-01T01:33:43","date_gmt":"2025-11-01T01:33:43","guid":{"rendered":"https:\/\/www.europesays.com\/pt\/134862\/"},"modified":"2025-11-01T01:33:43","modified_gmt":"2025-11-01T01:33:43","slug":"ator-de-o-principe-de-bel-air-floyd-roger-meyers-jr-morre-aos-42-anos","status":"publish","type":"post","link":"https:\/\/www.europesays.com\/pt\/134862\/","title":{"rendered":"Ator de &#8220;O Pr\u00edncipe de Bel-Air&#8221;, Floyd Roger Meyers Jr., morre aos 42 anos"},"content":{"rendered":"<p>Floyd Roger Myers Jr., que integrou o elenco da sitcom &#8220;O Pr\u00edncipe de Bel-Air&#8221;, morreu na madrugada de quarta-feira, dia 29, aos 42 anos.<\/p>\n<p>A not\u00edcia da morte do ator foi dada pela m\u00e3e, Renee Trice, que informou que Floyd morreu em casa, em Maryland, v\u00edtima de um ataque card\u00edaco.\u00a0<\/p>\n<p>A m\u00e3e do ator contou, ainda, que o filho j\u00e1 tinha sofrido tr\u00eas ataques card\u00edacos nos \u00faltimos tr\u00eas anos.<\/p>\n<p>Floyd Roger Myers Jr. deixa\u00a0 quatro filhos.\u00a0<\/p>\n","protected":false},"excerpt":{"rendered":"Floyd Roger Myers Jr., que integrou o elenco da sitcom &#8220;O Pr\u00edncipe de Bel-Air&#8221;, morreu na madrugada de&hellip;\n","protected":false},"author":2,"featured_media":134863,"comment_status":"","ping_status":"","sticky":false,"template":"","format":"standard","meta":{"footnotes":""},"categories":[142],"tags":[114,115,980,30346,82,7804,16628,30347,32,33,1012,151],"class_list":{"0":"post-134862","1":"post","2":"type-post","3":"status-publish","4":"format-standard","5":"has-post-thumbnail","7":"category-tv","8":"tag-entertainment","9":"tag-entretenimento","10":"tag-famosos","11":"tag-floyd-roger-meyers-jr","12":"tag-internacional","13":"tag-morreu","14":"tag-mortes-2025","15":"tag-o-principe-de-bel-air","16":"tag-portugal","17":"tag-pt","18":"tag-selfie","19":"tag-tv"},"share_on_mastodon":{"url":"https:\/\/pubeurope.com\/@pt\/115471869726844787","error":""},"_links":{"self":[{"href":"https:\/\/www.europesays.com\/pt\/wp-json\/wp\/v2\/posts\/134862","targetHints":{"allow":["GET"]}}],"collection":[{"href":"https:\/\/www.europesays.com\/pt\/wp-json\/wp\/v2\/posts"}],"about":[{"href":"https:\/\/www.europesays.com\/pt\/wp-json\/wp\/v2\/types\/post"}],"author":[{"embeddable":true,"href":"https:\/\/www.europesays.com\/pt\/wp-json\/wp\/v2\/users\/2"}],"replies":[{"embeddable":true,"href":"https:\/\/www.europesays.com\/pt\/wp-json\/wp\/v2\/comments?post=134862"}],"version-history":[{"count":0,"href":"https:\/\/www.europesays.com\/pt\/wp-json\/wp\/v2\/posts\/134862\/revisions"}],"wp:featuredmedia":[{"embeddable":true,"href":"https:\/\/www.europesays.com\/pt\/wp-json\/wp\/v2\/media\/134863"}],"wp:attachment":[{"href":"https:\/\/www.europesays.com\/pt\/wp-json\/wp\/v2\/media?parent=134862"}],"wp:term":[{"taxonomy":"category","embeddable":true,"href":"https:\/\/www.europesays.com\/pt\/wp-json\/wp\/v2\/categories?post=134862"},{"taxonomy":"post_tag","embeddable":true,"href":"https:\/\/www.europesays.com\/pt\/wp-json\/wp\/v2\/tags?post=134862"}],"curies":[{"name":"wp","href":"https:\/\/api.w.org\/{rel}","templated":true}]}}