{"id":134912,"date":"2025-11-01T02:47:21","date_gmt":"2025-11-01T02:47:21","guid":{"rendered":"https:\/\/www.europesays.com\/pt\/134912\/"},"modified":"2025-11-01T02:47:21","modified_gmt":"2025-11-01T02:47:21","slug":"saude-e-educacao-promovem-palestra-sobre-hpv-em-escola-do-recanto-das-emas","status":"publish","type":"post","link":"https:\/\/www.europesays.com\/pt\/134912\/","title":{"rendered":"Sa\u00fade e Educa\u00e7\u00e3o promovem palestra sobre HPV em escola do Recanto das Emas"},"content":{"rendered":"<p style=\"text-align: justify;\">As Secretarias de Sa\u00fade (SES-DF) e de Educa\u00e7\u00e3o (SEEDF), em parceria com a organiza\u00e7\u00e3o Grupo Mulheres do Brasil, promoveram na \u00faltima semana (23) palestra sobre a import\u00e2ncia da vacina\u00e7\u00e3o contra o HPV no Centro de Ensino Fundamental (CEF) 101 do Recanto das Emas. Al\u00e9m da imuniza\u00e7\u00e3o, alunos do 8\u00ba ano esclareceram d\u00favidas sobre sintomas, formas de transmiss\u00e3o, tratamento e grupos afetados pelo v\u00edrus.<\/p>\n<p style=\"text-align: justify;\">A m\u00e9dica infectologista Ana Rosa dos Santos, volunt\u00e1ria do Grupo Mulheres do Brasil, ressaltou como as vacinas s\u00e3o essenciais no combate a doen\u00e7as infectocontagiosas como o HPV. \u201cA vacina ajuda n\u00e3o s\u00f3 a salvar vidas, mas tamb\u00e9m diminui muitas sequelas em quem tem a doen\u00e7a\u201d, disse. \u201cAcredito que o conhecimento \u00e9 tudo, e a troca dele \u00e9 maior ainda. Podemos salvar vidas por meio do conhecimento\u201d.<br \/>\u00a0<\/p>\n<p>        <img decoding=\"async\" alt=\"\" src=\"https:\/\/www.europesays.com\/pt\/wp-content\/uploads\/2025\/11\/d77fb4ac-9d6d-94e4-9741-8637c9bf2a1c\" style=\"margin: 0px;\"\/> <\/p>\n<p>         Palestrantes ressaltaram como as vacinas s\u00e3o essenciais no combate a doen\u00e7as infectocontagiosas como o HPV.\u00a0<br \/>\n         Foto: Alexandre Alvares\/Ag\u00eancia Sa\u00fade DF<\/p>\n<p style=\"text-align: justify;\">A m\u00e9dica sanitarista da Coordena\u00e7\u00e3o da Aten\u00e7\u00e3o Prim\u00e1ria \u00e0 Sa\u00fade (Coaps) da SES-DF, Gabriela Villar, a import\u00e2ncia da iniciativa. \u201cA parceria que estamos fazendo com o Grupo Mulheres do Brasil ajuda a sanar d\u00favidas e principalmente a sensibilizar os jovens e suas fam\u00edlias\u201d.<\/p>\n<p style=\"text-align: justify;\">A estudante do 8\u00ba ano \u00c1gatha Oliveira, 14 anos, disse que muitos colegas n\u00e3o sabiam o que \u00e9 o HPV. \u201cA palestrante ter falado sobre o que \u00e9, como se pega e se trata foi essencial, porque pode ter pessoas que praticam rela\u00e7\u00f5es sexuais, mas que n\u00e3o sabem sobre a doen\u00e7a. E n\u00e3o se cuidam por n\u00e3o terem no\u00e7\u00e3o dos sintomas, podendo adoecer ainda mais\u201d, afirmou.<\/p>\n<p style=\"text-align: justify;\">Para Carla Dias, psic\u00f3loga e gerente de projetos da SEEDF, a\u00e7\u00f5es como esta s\u00e3o fundamentais. \u201cPor estar tendo uma baixa ades\u00e3o da vacina\u00e7\u00e3o contra HPV entre crian\u00e7as e adolescentes, decidimos fazer essa parceria. \u00c9 importante trazer um profissional da sa\u00fade para combater a desinforma\u00e7\u00e3o e explicar os riscos sobre a transmiss\u00e3o do HPV\u201d, destacou.<br \/>\u00a0<\/p>\n<p>        <img loading=\"lazy\" decoding=\"async\" alt=\"\" height=\"512\" src=\"https:\/\/www.europesays.com\/pt\/wp-content\/uploads\/2025\/11\/82a596b1-4289-ce24-6aef-8b2ad61df80f\" style=\"margin: 0px;\" width=\"768\"\/> <\/p>\n<p>         Al\u00e9m da imuniza\u00e7\u00e3o, alunos do 8\u00ba ano esclareceram d\u00favidas sobre sintomas, formas de transmiss\u00e3o, tratamento e grupos afetados pelo v\u00edrus.\u00a0Foto: Alexandre Alvares\/Ag\u00eancia Sa\u00fade DF<\/p>\n<p style=\"text-align: justify;\"><strong>Saiba mais sobre o HPV<\/strong><\/p>\n<p style=\"text-align: justify;\"><strong>O que \u00e9<\/strong><\/p>\n<p style=\"text-align: justify;\">\u00c9 um v\u00edrus que afeta a pele e as mucosas, sendo a Infec\u00e7\u00e3o Sexualmente Transmiss\u00edvel (IST) viral mais comum do mundo.<\/p>\n<p style=\"text-align: justify;\"><strong>Transmiss\u00e3o<\/strong><\/p>\n<p style=\"text-align: justify;\">O HPV \u00e9 transmitido pelo contato direto com pele ou mucosas de algu\u00e9m que tem o v\u00edrus, principalmente por meio de rela\u00e7\u00f5es sexuais.<\/p>\n<p style=\"text-align: justify;\"><strong>Grupo afetado<\/strong><\/p>\n<p style=\"text-align: justify;\">O HPV pode acometer qualquer pessoa. Homens e mulheres entre 16 e 25 anos s\u00e3o grupos com maior predom\u00ednio da infec\u00e7\u00e3o.<\/p>\n<p style=\"text-align: justify;\"><strong>Sintomas<\/strong><\/p>\n<p style=\"text-align: justify;\">A princ\u00edpio, aparecem verrugas na parte \u00edntima, boca ou garganta, mas se n\u00e3o tratadas, podem evoluir para diferentes tipos de c\u00e2ncer, como no p\u00eanis, no colo do \u00fatero ou no \u00e2nus.<\/p>\n<p style=\"text-align: justify;\"><strong>Diagn\u00f3stico<\/strong><\/p>\n<p style=\"text-align: justify;\">Geralmente, \u00e9 feito por meio do exame de Papanicolau, nas mulheres, ou por avalia\u00e7\u00e3o cl\u00ednica de identifica\u00e7\u00e3o de verrugas.<\/p>\n<p style=\"text-align: justify;\"><strong>Tratamento<\/strong><\/p>\n<p style=\"text-align: justify;\">Os sinais que aparecerem pelo corpo podem ser tratados, mas isso n\u00e3o garante que o v\u00edrus sa\u00eda totalmente do organismo. Por isso, a melhor op\u00e7\u00e3o \u00e9 a preven\u00e7\u00e3o por meio da vacina.<\/p>\n<p style=\"text-align: justify;\"><strong>Vacina\u00e7\u00e3o<\/strong><\/p>\n<p style=\"text-align: justify;\">A vacina \u00e9 gratuita e est\u00e1 dispon\u00edvel para: adolescentes de nove a 14 anos; e adolescentes de 15 a 19 anos at\u00e9 dezembro de 2025.<br \/>\u00a0<\/p>\n<p>        <img loading=\"lazy\" decoding=\"async\" alt=\"\" height=\"512\" src=\"https:\/\/www.europesays.com\/pt\/wp-content\/uploads\/2025\/11\/52748c6a-076b-315b-f010-1ccd5a994f46\" style=\"margin: 0px;\" width=\"768\"\/> <\/p>\n<p>         Profissionais realizaram palestra sobre a import\u00e2ncia da vacina\u00e7\u00e3o contra o HPV em escola do Recanto das Emas.\u00a0Foto: Alexandre Alvares\/Ag\u00eancia Sa\u00fade DF<\/p>\n","protected":false},"excerpt":{"rendered":"As Secretarias de Sa\u00fade (SES-DF) e de Educa\u00e7\u00e3o (SEEDF), em parceria com a organiza\u00e7\u00e3o Grupo Mulheres do Brasil,&hellip;\n","protected":false},"author":2,"featured_media":134913,"comment_status":"","ping_status":"","sticky":false,"template":"","format":"standard","meta":{"footnotes":""},"categories":[86],"tags":[3980,30361,30359,1661,1128,30360,116,12231,3130,2052,1133,30358,27342,1944,32,33,117,30357,22251,12562,1130,2820],"class_list":{"0":"post-134912","1":"post","2":"type-post","3":"status-publish","4":"format-standard","5":"has-post-thumbnail","7":"category-saude","8":"tag-3980","9":"tag-cef-101-recanto-das-emas","10":"tag-coaps","11":"tag-destaque","12":"tag-diagnostico","13":"tag-grupo-mulheres-do-brasil","14":"tag-health","15":"tag-hpv","16":"tag-imunizacao","17":"tag-ist","18":"tag-noticia","19":"tag-palestra","20":"tag-papanicolau","21":"tag-parceria","22":"tag-portugal","23":"tag-pt","24":"tag-saude","25":"tag-seedf","26":"tag-ses-df","27":"tag-transmissao","28":"tag-tratamento","29":"tag-vacinacao"},"share_on_mastodon":{"url":"https:\/\/pubeurope.com\/@pt\/115472160880663365","error":""},"_links":{"self":[{"href":"https:\/\/www.europesays.com\/pt\/wp-json\/wp\/v2\/posts\/134912","targetHints":{"allow":["GET"]}}],"collection":[{"href":"https:\/\/www.europesays.com\/pt\/wp-json\/wp\/v2\/posts"}],"about":[{"href":"https:\/\/www.europesays.com\/pt\/wp-json\/wp\/v2\/types\/post"}],"author":[{"embeddable":true,"href":"https:\/\/www.europesays.com\/pt\/wp-json\/wp\/v2\/users\/2"}],"replies":[{"embeddable":true,"href":"https:\/\/www.europesays.com\/pt\/wp-json\/wp\/v2\/comments?post=134912"}],"version-history":[{"count":0,"href":"https:\/\/www.europesays.com\/pt\/wp-json\/wp\/v2\/posts\/134912\/revisions"}],"wp:featuredmedia":[{"embeddable":true,"href":"https:\/\/www.europesays.com\/pt\/wp-json\/wp\/v2\/media\/134913"}],"wp:attachment":[{"href":"https:\/\/www.europesays.com\/pt\/wp-json\/wp\/v2\/media?parent=134912"}],"wp:term":[{"taxonomy":"category","embeddable":true,"href":"https:\/\/www.europesays.com\/pt\/wp-json\/wp\/v2\/categories?post=134912"},{"taxonomy":"post_tag","embeddable":true,"href":"https:\/\/www.europesays.com\/pt\/wp-json\/wp\/v2\/tags?post=134912"}],"curies":[{"name":"wp","href":"https:\/\/api.w.org\/{rel}","templated":true}]}}