{"id":134916,"date":"2025-11-01T03:01:18","date_gmt":"2025-11-01T03:01:18","guid":{"rendered":"https:\/\/www.europesays.com\/pt\/134916\/"},"modified":"2025-11-01T03:01:18","modified_gmt":"2025-11-01T03:01:18","slug":"saude-comeca-pela-boca-higiene-bucal-previne-doencas-em-todo-o-corpo","status":"publish","type":"post","link":"https:\/\/www.europesays.com\/pt\/134916\/","title":{"rendered":"Sa\u00fade come\u00e7a pela boca: higiene bucal previne doen\u00e7as em todo o corpo"},"content":{"rendered":"<p dir=\"ltr\">A sa\u00fade bucal tem impacto direto na sa\u00fade geral do corpo. Pesquisas recentes mostram que a falta de higiene bucal adequada pode contribuir para o surgimento de doen\u00e7as como problemas card\u00edacos, diabetes e complica\u00e7\u00f5es respirat\u00f3rias.<\/p>\n<p dir=\"ltr\">Manter a escova\u00e7\u00e3o regular, o uso de fio dental e o acompanhamento odontol\u00f3gico \u00e9 essencial para evitar inflama\u00e7\u00f5es e infec\u00e7\u00f5es que podem se espalhar para outras partes do organismo.<\/p>\n<p dir=\"ltr\">De acordo com informa\u00e7\u00f5es divulgadas pela Unimed S\u00e3o Roque, em levantamento publicado em 2024, doen\u00e7as inflamat\u00f3rias das gengivas, como gengivite e periodontite, est\u00e3o entre as mais associadas a complica\u00e7\u00f5es sist\u00eamicas.<\/p>\n<p dir=\"ltr\">O estudo foi elaborado com base em revis\u00f5es de artigos cient\u00edficos da \u00e1rea de odontologia e medicina preventiva. As pesquisas apontam que a presen\u00e7a de bact\u00e9rias na cavidade oral pode atingir a corrente sangu\u00ednea, favorecendo o entupimento de art\u00e9rias e aumentando o risco de infarto e acidente vascular cerebral (AVC).<\/p>\n<p dir=\"ltr\">A Cl\u00ednica Ideal, em publica\u00e7\u00e3o de 2023, refor\u00e7a essa rela\u00e7\u00e3o ao reunir evid\u00eancias cient\u00edficas que ligam a periodontite a doen\u00e7as metab\u00f3licas e cardiovasculares. Segundo o levantamento, o processo inflamat\u00f3rio bucal pode dificultar o controle da glicose em pessoas com diabetes, agravando a resist\u00eancia \u00e0 insulina.<\/p>\n<p dir=\"ltr\">Esse dado \u00e9 apoiado por revis\u00f5es de literatura de universidades brasileiras e norte-americanas especializadas em odontologia cl\u00ednica.<\/p>\n<p dir=\"ltr\">A conex\u00e3o entre sa\u00fade bucal e doen\u00e7as respirat\u00f3rias tamb\u00e9m \u00e9 objeto de estudos. Segundo artigo da Oral Dente, publicado em 2024, microrganismos presentes na boca podem ser aspirados para os pulm\u00f5es, principalmente em pessoas idosas ou hospitalizadas, aumentando o risco de pneumonia e outras infec\u00e7\u00f5es respirat\u00f3rias.<\/p>\n<p dir=\"ltr\">As evid\u00eancias foram compiladas a partir de pesquisas internacionais revisadas por pares, que analisaram o impacto de bact\u00e9rias orais em pacientes de longa perman\u00eancia hospitalar.<\/p>\n<p dir=\"ltr\">Dados do Minist\u00e9rio da Sa\u00fade, atualizados em 2025, mostram que mais de 45% dos brasileiros n\u00e3o realizam consultas odontol\u00f3gicas regulares, e cerca de 20% convivem com algum grau de doen\u00e7a periodontal.<\/p>\n<p dir=\"ltr\">A aus\u00eancia de acompanhamento profissional e a baixa ades\u00e3o a h\u00e1bitos preventivos, como escovar os dentes ap\u00f3s as refei\u00e7\u00f5es e usar fio dental diariamente, aumentam o risco de complica\u00e7\u00f5es que afetam a sa\u00fade geral.<\/p>\n<p dir=\"ltr\">A import\u00e2ncia da sa\u00fade bucal na preven\u00e7\u00e3o de outras doen\u00e7as \u00e9 um tema central na\u00a0<a href=\"https:\/\/cursos.unicid.edu.br\/grad-odontologia-unicid\/p\" target=\"_blank\" rel=\"noopener noreferrer nofollow\">faculdade de odontologia<\/a>, que forma profissionais com base em uma vis\u00e3o integral do paciente.<\/p>\n<p dir=\"ltr\">O objetivo \u00e9 preparar cirurgi\u00f5es-dentistas para identificar e tratar condi\u00e7\u00f5es bucais que possam estar relacionadas a doen\u00e7as sist\u00eamicas, promovendo uma atua\u00e7\u00e3o conjunta com outras \u00e1reas da medicina, como cardiologia e endocrinologia.<\/p>\n<p dir=\"ltr\">Cuidar da sa\u00fade bucal \u00e9 uma medida essencial para reduzir inflama\u00e7\u00f5es, infec\u00e7\u00f5es e complica\u00e7\u00f5es que impactam o corpo.<\/p>\n<p dir=\"ltr\">A higiene adequada e o acompanhamento regular com profissionais especializados s\u00e3o fundamentais para garantir mais qualidade de vida e prevenir doen\u00e7as que ultrapassam os limites da boca.<\/p>\n<p>&#13;<br \/>\n\t\t\t\t Post Views: 16&#13;\n\t\t\t<\/p>\n","protected":false},"excerpt":{"rendered":"A sa\u00fade bucal tem impacto direto na sa\u00fade geral do corpo. Pesquisas recentes mostram que a falta de&hellip;\n","protected":false},"author":2,"featured_media":134917,"comment_status":"","ping_status":"","sticky":false,"template":"","format":"standard","meta":{"footnotes":""},"categories":[86],"tags":[25653,2644,116,32,33,117],"class_list":{"0":"post-134916","1":"post","2":"type-post","3":"status-publish","4":"format-standard","5":"has-post-thumbnail","7":"category-saude","8":"tag-dentista","9":"tag-dicas","10":"tag-health","11":"tag-portugal","12":"tag-pt","13":"tag-saude"},"share_on_mastodon":{"url":"https:\/\/pubeurope.com\/@pt\/115472215799105792","error":""},"_links":{"self":[{"href":"https:\/\/www.europesays.com\/pt\/wp-json\/wp\/v2\/posts\/134916","targetHints":{"allow":["GET"]}}],"collection":[{"href":"https:\/\/www.europesays.com\/pt\/wp-json\/wp\/v2\/posts"}],"about":[{"href":"https:\/\/www.europesays.com\/pt\/wp-json\/wp\/v2\/types\/post"}],"author":[{"embeddable":true,"href":"https:\/\/www.europesays.com\/pt\/wp-json\/wp\/v2\/users\/2"}],"replies":[{"embeddable":true,"href":"https:\/\/www.europesays.com\/pt\/wp-json\/wp\/v2\/comments?post=134916"}],"version-history":[{"count":0,"href":"https:\/\/www.europesays.com\/pt\/wp-json\/wp\/v2\/posts\/134916\/revisions"}],"wp:featuredmedia":[{"embeddable":true,"href":"https:\/\/www.europesays.com\/pt\/wp-json\/wp\/v2\/media\/134917"}],"wp:attachment":[{"href":"https:\/\/www.europesays.com\/pt\/wp-json\/wp\/v2\/media?parent=134916"}],"wp:term":[{"taxonomy":"category","embeddable":true,"href":"https:\/\/www.europesays.com\/pt\/wp-json\/wp\/v2\/categories?post=134916"},{"taxonomy":"post_tag","embeddable":true,"href":"https:\/\/www.europesays.com\/pt\/wp-json\/wp\/v2\/tags?post=134916"}],"curies":[{"name":"wp","href":"https:\/\/api.w.org\/{rel}","templated":true}]}}