{"id":134990,"date":"2025-11-01T05:07:25","date_gmt":"2025-11-01T05:07:25","guid":{"rendered":"https:\/\/www.europesays.com\/pt\/134990\/"},"modified":"2025-11-01T05:07:25","modified_gmt":"2025-11-01T05:07:25","slug":"gastrenterologistas-alertam-para-o-aumento-da-incidencia-e-mortalidade-do-cancro-do-pancreas-campeao-das-provincias","status":"publish","type":"post","link":"https:\/\/www.europesays.com\/pt\/134990\/","title":{"rendered":"Gastrenterologistas alertam para o aumento da incid\u00eancia e mortalidade do cancro do p\u00e2ncreas \u2013 Campe\u00e3o das Prov\u00edncias"},"content":{"rendered":"<p>O Clube Portugu\u00eas do P\u00e2ncreas (CPP), uma sec\u00e7\u00e3o especializada da Sociedade Portuguesa de Gastrenterologia (SPG), est\u00e1 a promover uma campanha nacional de consciencializa\u00e7\u00e3o para o cancro do p\u00e2ncreas, um dos tumores mais letais e silenciosos.<\/p>\n<p>Sob o mote \u201cO tempo de agir \u00e9 agora\u201d, a iniciativa decorre nas redes sociais e enquadra-se nas comemora\u00e7\u00f5es do Dia Mundial do Cancro do P\u00e2ncreas, que se assinala a 20 de Novembro, com o objectivo de alertar a popula\u00e7\u00e3o para a import\u00e2ncia da preven\u00e7\u00e3o e detec\u00e7\u00e3o precoce desta doen\u00e7a.<\/p>\n<p>Segundo Alexandra Fernandes, m\u00e9dica gastrenterologista e presidente do CPP, \u201cao contr\u00e1rio de outros tumores, a incid\u00eancia e a mortalidade do cancro do p\u00e2ncreas continuam a aumentar. J\u00e1 \u00e9 a quarta causa de morte por cancro na Europa e as projec\u00e7\u00f5es indicam que poder\u00e1 tornar-se a segunda principal causa de morte por cancro at\u00e9 2035, tanto em Portugal como a n\u00edvel mundial\u201d.<\/p>\n<p>Em 2021, foram diagnosticados 1.378 novos casos no pa\u00eds, com um n\u00famero de mortes praticamente id\u00eantico, o que ilustra a agressividade da doen\u00e7a. \u201cInfelizmente, os sintomas tendem a surgir tardiamente e s\u00e3o pouco espec\u00edficos, dor abdominal que pode irradiar para as costas, perda de peso inexplic\u00e1vel, altera\u00e7\u00f5es digestivas como indigest\u00e3o, v\u00f3mitos ou diarreia, aparecimento s\u00fabito ou agravamento da diabetes e icter\u00edcia (pele e olhos amarelados), entre outros\u201d, explica a especialista.<\/p>\n<p>A presidente do CPP refor\u00e7a que \u201ca elevada mortalidade est\u00e1 directamente ligada ao diagn\u00f3stico tardio, j\u00e1 que cerca de 80% dos doentes s\u00e3o diagnosticados em fases avan\u00e7adas, quando a cirurgia \u2014 o \u00fanico tratamento com inten\u00e7\u00e3o curativa \u2014 j\u00e1 n\u00e3o \u00e9 vi\u00e1vel\u201d. A taxa de sobreviv\u00eancia global a cinco anos \u00e9 de apenas 13%, podendo atingir 44% nos casos localizados, mas descendo para 3% quando a doen\u00e7a j\u00e1 se encontra metastizada.<\/p>\n<p>O cancro do p\u00e2ncreas desenvolve-se quando as c\u00e9lulas desta gl\u00e2ndula abdominal crescem de forma descontrolada. A forma mais comum, o adenocarcinoma ductal pancre\u00e1tico, representa mais de 90% dos casos e \u00e9 conhecida pela sua elevada agressividade.<\/p>\n<p>Embora factores como a idade e a predisposi\u00e7\u00e3o gen\u00e9tica n\u00e3o possam ser modificados, existem factores de risco associados ao estilo de vida que podem ser prevenidos, como o tabagismo, obesidade, diabetes, e uma dieta rica em a\u00e7\u00facares refinados, gorduras, carnes vermelhas e produtos processados, bem como a pancreatite cr\u00f3nica.<\/p>\n<p>O CPP apela \u00e0 popula\u00e7\u00e3o para que esteja atenta aos sinais de alerta e adopte h\u00e1bitos de vida saud\u00e1veis, lembrando que a preven\u00e7\u00e3o e o diagn\u00f3stico precoce s\u00e3o essenciais para melhorar o progn\u00f3stico desta doen\u00e7a.<\/p>\n<p>\u00a0<\/p>\n","protected":false},"excerpt":{"rendered":"O Clube Portugu\u00eas do P\u00e2ncreas (CPP), uma sec\u00e7\u00e3o especializada da Sociedade Portuguesa de Gastrenterologia (SPG), est\u00e1 a promover&hellip;\n","protected":false},"author":2,"featured_media":134991,"comment_status":"","ping_status":"","sticky":false,"template":"","format":"standard","meta":{"footnotes":""},"categories":[86],"tags":[260,15620,1911,315,135,90,116,834,13,52,32,33,117,58],"class_list":{"0":"post-134990","1":"post","2":"type-post","3":"status-publish","4":"format-standard","5":"has-post-thumbnail","7":"category-saude","8":"tag-atualidade","9":"tag-campeao-das-provincias","10":"tag-coimbra","11":"tag-cultura","12":"tag-desporto","13":"tag-empresas","14":"tag-health","15":"tag-negocios","16":"tag-noticias","17":"tag-politica","18":"tag-portugal","19":"tag-pt","20":"tag-saude","21":"tag-sociedade"},"share_on_mastodon":{"url":"https:\/\/pubeurope.com\/@pt\/115472711202391030","error":""},"_links":{"self":[{"href":"https:\/\/www.europesays.com\/pt\/wp-json\/wp\/v2\/posts\/134990","targetHints":{"allow":["GET"]}}],"collection":[{"href":"https:\/\/www.europesays.com\/pt\/wp-json\/wp\/v2\/posts"}],"about":[{"href":"https:\/\/www.europesays.com\/pt\/wp-json\/wp\/v2\/types\/post"}],"author":[{"embeddable":true,"href":"https:\/\/www.europesays.com\/pt\/wp-json\/wp\/v2\/users\/2"}],"replies":[{"embeddable":true,"href":"https:\/\/www.europesays.com\/pt\/wp-json\/wp\/v2\/comments?post=134990"}],"version-history":[{"count":0,"href":"https:\/\/www.europesays.com\/pt\/wp-json\/wp\/v2\/posts\/134990\/revisions"}],"wp:featuredmedia":[{"embeddable":true,"href":"https:\/\/www.europesays.com\/pt\/wp-json\/wp\/v2\/media\/134991"}],"wp:attachment":[{"href":"https:\/\/www.europesays.com\/pt\/wp-json\/wp\/v2\/media?parent=134990"}],"wp:term":[{"taxonomy":"category","embeddable":true,"href":"https:\/\/www.europesays.com\/pt\/wp-json\/wp\/v2\/categories?post=134990"},{"taxonomy":"post_tag","embeddable":true,"href":"https:\/\/www.europesays.com\/pt\/wp-json\/wp\/v2\/tags?post=134990"}],"curies":[{"name":"wp","href":"https:\/\/api.w.org\/{rel}","templated":true}]}}