{"id":13500,"date":"2025-08-02T22:20:37","date_gmt":"2025-08-02T22:20:37","guid":{"rendered":"https:\/\/www.europesays.com\/pt\/13500\/"},"modified":"2025-08-02T22:20:37","modified_gmt":"2025-08-02T22:20:37","slug":"veja-como-sera-o-final-de-rosa","status":"publish","type":"post","link":"https:\/\/www.europesays.com\/pt\/13500\/","title":{"rendered":"veja como ser\u00e1 o final de Rosa"},"content":{"rendered":"\n<p class=\" content-text__container \" data-track-category=\"Link no Texto\" data-track-links=\"\"> Na leva mais recente de cap\u00edtulos, Rosa ficou perto de resgatar Maria, mas, antes de conseguir peg\u00e1-la, foi impedida por comparsas de Ardu\u00edno. No confronto final com a protagonista, o vil\u00e3o<a class=\"\" href=\"https:\/\/oglobo.globo.com\/play\/noticia\/2025\/07\/29\/preso-morto-saiba-como-sera-o-final-de-arduino-em-guerreiros-do-sol.ghtml\" rel=\"nofollow noopener\" target=\"_blank\"> cair\u00e1 de um precip\u00edcio<\/a>. Ele ser\u00e1 encontrado com vida um tempo depois e terminar\u00e1 a hist\u00f3ria totalmente louco. <\/p>\n<p class=\" content-text__container \" data-track-category=\"Link no Texto\" data-track-links=\"\"> O \u00faltimo bloco da novela de <a class=\"\" href=\"https:\/\/oglobo.globo.com\/tudo-sobre\/personalidade\/george-moura\" rel=\"nofollow noopener\" target=\"_blank\">George Moura<\/a> e Sergio Goldenberg ser\u00e1 disponibilizado no Globoplay na quarta-feira (6). Ao contr\u00e1rio do que ocorreu em &#8220;<a class=\"\" href=\"https:\/\/oglobo.globo.com\/tudo-sobre\/novela\/todas-as-flores\/\" rel=\"nofollow noopener\" target=\"_blank\">Todas as Flores<\/a>&#8221; \u2014 que teve seu \u00faltimo cap\u00edtulo exibido ao vivo separadamente \u2014 desta vez os cinco finais chegar\u00e3o ao mesmo tempo na plataforma. <\/p>\n","protected":false},"excerpt":{"rendered":"Na leva mais recente de cap\u00edtulos, Rosa ficou perto de resgatar Maria, mas, antes de conseguir peg\u00e1-la, foi&hellip;\n","protected":false},"author":2,"featured_media":13501,"comment_status":"","ping_status":"","sticky":false,"template":"","format":"standard","meta":{"footnotes":""},"categories":[142],"tags":[5552,813,114,115,5553,5419,5551,5550,32,33,679,5554,5555,151],"class_list":{"0":"post-13500","1":"post","2":"type-post","3":"status-publish","4":"format-standard","5":"has-post-thumbnail","7":"category-tv","8":"tag-alinne-moraes","9":"tag-atriz","10":"tag-entertainment","11":"tag-entretenimento","12":"tag-george-moura","13":"tag-guerreiros-do-sol","14":"tag-irandhir-santos","15":"tag-isadora-cruz","16":"tag-portugal","17":"tag-pt","18":"tag-reportagem","19":"tag-sergio-goldenberg","20":"tag-todas-as-flores","21":"tag-tv"},"share_on_mastodon":{"url":"","error":""},"_links":{"self":[{"href":"https:\/\/www.europesays.com\/pt\/wp-json\/wp\/v2\/posts\/13500","targetHints":{"allow":["GET"]}}],"collection":[{"href":"https:\/\/www.europesays.com\/pt\/wp-json\/wp\/v2\/posts"}],"about":[{"href":"https:\/\/www.europesays.com\/pt\/wp-json\/wp\/v2\/types\/post"}],"author":[{"embeddable":true,"href":"https:\/\/www.europesays.com\/pt\/wp-json\/wp\/v2\/users\/2"}],"replies":[{"embeddable":true,"href":"https:\/\/www.europesays.com\/pt\/wp-json\/wp\/v2\/comments?post=13500"}],"version-history":[{"count":0,"href":"https:\/\/www.europesays.com\/pt\/wp-json\/wp\/v2\/posts\/13500\/revisions"}],"wp:featuredmedia":[{"embeddable":true,"href":"https:\/\/www.europesays.com\/pt\/wp-json\/wp\/v2\/media\/13501"}],"wp:attachment":[{"href":"https:\/\/www.europesays.com\/pt\/wp-json\/wp\/v2\/media?parent=13500"}],"wp:term":[{"taxonomy":"category","embeddable":true,"href":"https:\/\/www.europesays.com\/pt\/wp-json\/wp\/v2\/categories?post=13500"},{"taxonomy":"post_tag","embeddable":true,"href":"https:\/\/www.europesays.com\/pt\/wp-json\/wp\/v2\/tags?post=13500"}],"curies":[{"name":"wp","href":"https:\/\/api.w.org\/{rel}","templated":true}]}}