{"id":135011,"date":"2025-11-01T06:05:28","date_gmt":"2025-11-01T06:05:28","guid":{"rendered":"https:\/\/www.europesays.com\/pt\/135011\/"},"modified":"2025-11-01T06:05:28","modified_gmt":"2025-11-01T06:05:28","slug":"mais-48-mil-pessoas-se-vacinaram-contra-meningite-apos-surtos-da-doenca-em-pelotas","status":"publish","type":"post","link":"https:\/\/www.europesays.com\/pt\/135011\/","title":{"rendered":"Mais 4,8 mil pessoas se vacinaram contra meningite ap\u00f3s surtos da doen\u00e7a em Pelotas"},"content":{"rendered":"<p><img fetchpriority=\"high\" decoding=\"async\" class=\"w-fit lg:w-full\" loading=\"eager\" src=\"https:\/\/www.europesays.com\/pt\/wp-content\/uploads\/2025\/11\/4257967_3a5260e9ad64402.jpg\" title=\"Bet\u00e2nia Ramalho da Silva \/ Divulga\u00e7\u00e3o\" alt=\"Bet\u00e2nia Ramalho da Silva \/ Divulga\u00e7\u00e3o\" width=\"700\" height=\"477\"\/>Imunizantes s\u00e3o oferecidos em todas as UBSs do munic\u00edpio.Bet\u00e2nia Ramalho da Silva \/ Divulga\u00e7\u00e3o<\/p>\n<p>A Secretaria de Sa\u00fade de Pelotas divulgou nesta sexta-feira (31) os dados da campanha de vacina\u00e7\u00e3o contra meningite bacteriana referentes ao m\u00eas de outubro. No total, <strong>mais de 4,8 mil pessoas receberam os imunizantes dos tipos meningo C e meningo ACWY<\/strong>.<\/p>\n<p>Os dados se referem a <strong>crian\u00e7as de at\u00e9 cinco anos e a adolescentes entre 11 e 14 anos<\/strong>. A distribui\u00e7\u00e3o das doses na rede p\u00fablica foi a seguinte:<\/p>\n<ul>\n<li class=\"unordered-list-item\"><strong>Meningo C:<\/strong> 397 doses para crian\u00e7as com menos de um ano.<\/li>\n<li class=\"unordered-list-item\"><strong>Meningo ACWY:<\/strong> 2.579 doses para crian\u00e7as de um a cinco anos e 1.740 doses para a faixa et\u00e1ria de 11 a 14 anos.<\/li>\n<\/ul>\n<p>Na rede privada, 94 doses das vacinas meningo C e ACWY tamb\u00e9m foram aplicadas no munic\u00edpio em outubro.<\/p>\n<p>Os imunizantes foram utilizados durante a campanha de intensifica\u00e7\u00e3o contra a doen\u00e7a, que se encerra nesta sexta-feira. <strong>Ap\u00f3s essa data, as vacinas continuam dispon\u00edveis gratuitamente nas Unidades B\u00e1sicas de Sa\u00fade (UBSs)<\/strong>.<\/p>\n<p>Dois surtos em menos de um m\u00eas<\/p>\n<p>A mobiliza\u00e7\u00e3o para a vacina\u00e7\u00e3o come\u00e7ou ap\u00f3s a <a href=\"https:\/\/gauchazh.clicrbs.com.br\/zona-sul\/saude\/noticia\/2025\/10\/estado-emite-alerta-para-surto-de-meningite-em-pelotas-cmg84gugb01790150u3ko2oem.html\" title=\"https:\/\/gauchazh.clicrbs.com.br\/zona-sul\/saude\/noticia\/2025\/10\/estado-emite-alerta-para-surto-de-meningite-em-pelotas-cmg84gugb01790150u3ko2oem.html\" rel=\"nofollow noopener\" target=\"_blank\"><strong>confirma\u00e7\u00e3o de um surto da doen\u00e7a<\/strong><\/a><strong> <\/strong>em 1\u00ba de outubro. <strong>Tr\u00eas casos<\/strong> de meningite bacteriana foram registrados entre agosto e setembro: <strong>dois do sorogrupo Y<\/strong> \u2014 uma crian\u00e7a de cinco meses e um adulto de 72 anos \u2014 <strong>e um do sorogrupo C<\/strong>, em um adulto de 42 anos.<\/p>\n<p>Depois, em outubro, um segundo surto foi registrado. <a href=\"https:\/\/gauchazh.clicrbs.com.br\/zona-sul\/saude\/noticia\/2025\/10\/pelotas-registra-novo-surto-de-meningite-cmh3v2q9x01pg014tgeh5m9na.html\" rel=\"nofollow noopener\" target=\"_blank\"><strong>Dois novos casos de meningite bacteriana do sorogrupo C foram confirmados no dia 23 de outubro<\/strong><\/a>: um homem de 31 anos e outro de 59.<\/p>\n<p>Um surto de meningite meningoc\u00f3cica \u00e9 caracterizado pela <strong>ocorr\u00eancia de m\u00faltiplos casos causados pela mesma cepa<\/strong> da bact\u00e9ria Neisseria meningitidis (A, B, C, W ou Y) <strong>em um curto per\u00edodo de tempo<\/strong>.<\/p>\n<p>Para ser considerado surto, <strong>os casos precisam ocorrer em uma mesma cidade, comunidade ou institui\u00e7\u00e3o, sem rela\u00e7\u00e3o direta entre os pacientes<\/strong>.<\/p>\n","protected":false},"excerpt":{"rendered":"Imunizantes s\u00e3o oferecidos em todas as UBSs do munic\u00edpio.Bet\u00e2nia Ramalho da Silva \/ Divulga\u00e7\u00e3o A Secretaria de Sa\u00fade&hellip;\n","protected":false},"author":2,"featured_media":135012,"comment_status":"","ping_status":"","sticky":false,"template":"","format":"standard","meta":{"footnotes":""},"categories":[86],"tags":[116,9273,32,33,117],"class_list":{"0":"post-135011","1":"post","2":"type-post","3":"status-publish","4":"format-standard","5":"has-post-thumbnail","7":"category-saude","8":"tag-health","9":"tag-pelotas","10":"tag-portugal","11":"tag-pt","12":"tag-saude"},"share_on_mastodon":{"url":"https:\/\/pubeurope.com\/@pt\/115472939510842146","error":""},"_links":{"self":[{"href":"https:\/\/www.europesays.com\/pt\/wp-json\/wp\/v2\/posts\/135011","targetHints":{"allow":["GET"]}}],"collection":[{"href":"https:\/\/www.europesays.com\/pt\/wp-json\/wp\/v2\/posts"}],"about":[{"href":"https:\/\/www.europesays.com\/pt\/wp-json\/wp\/v2\/types\/post"}],"author":[{"embeddable":true,"href":"https:\/\/www.europesays.com\/pt\/wp-json\/wp\/v2\/users\/2"}],"replies":[{"embeddable":true,"href":"https:\/\/www.europesays.com\/pt\/wp-json\/wp\/v2\/comments?post=135011"}],"version-history":[{"count":0,"href":"https:\/\/www.europesays.com\/pt\/wp-json\/wp\/v2\/posts\/135011\/revisions"}],"wp:featuredmedia":[{"embeddable":true,"href":"https:\/\/www.europesays.com\/pt\/wp-json\/wp\/v2\/media\/135012"}],"wp:attachment":[{"href":"https:\/\/www.europesays.com\/pt\/wp-json\/wp\/v2\/media?parent=135011"}],"wp:term":[{"taxonomy":"category","embeddable":true,"href":"https:\/\/www.europesays.com\/pt\/wp-json\/wp\/v2\/categories?post=135011"},{"taxonomy":"post_tag","embeddable":true,"href":"https:\/\/www.europesays.com\/pt\/wp-json\/wp\/v2\/tags?post=135011"}],"curies":[{"name":"wp","href":"https:\/\/api.w.org\/{rel}","templated":true}]}}