{"id":135031,"date":"2025-11-01T07:01:30","date_gmt":"2025-11-01T07:01:30","guid":{"rendered":"https:\/\/www.europesays.com\/pt\/135031\/"},"modified":"2025-11-01T07:01:30","modified_gmt":"2025-11-01T07:01:30","slug":"tres-fontes-de-proteina-de-alta-qualidade-para-pessoas-com-mais-de-50-anos-2","status":"publish","type":"post","link":"https:\/\/www.europesays.com\/pt\/135031\/","title":{"rendered":"Tr\u00eas fontes de prote\u00edna de alta qualidade para pessoas com mais de 50 anos"},"content":{"rendered":"<p>As\u00a0<a title=\"Conhe\u00e7a a carne supernutritiva com mais prote\u00edna que quatro ovos\" href=\"https:\/\/iclnoticias.com.br\/conheca-a-carne-supernutritiva\/\" target=\"_blank\" rel=\"noopener nofollow\">prote\u00ednas<\/a>\u00a0s\u00e3o essenciais para o funcionamento do corpo humano em todas as fases da vida \u2014 atuando na forma\u00e7\u00e3o de tecidos, no metabolismo e at\u00e9 na imunidade. De acordo com a Organiza\u00e7\u00e3o Mundial da Sa\u00fade (<a href=\"https:\/\/www.who.int\/pt\/about\" target=\"_blank\" rel=\"noopener nofollow\">OMS<\/a>) e a Organiza\u00e7\u00e3o das Na\u00e7\u00f5es Unidas para Alimenta\u00e7\u00e3o e Agricultura (FAO), uma dieta rica em prote\u00ednas de alto valor biol\u00f3gico \u00e9 fundamental para evitar a perda de massa muscular, especialmente entre idosos e pessoas com doen\u00e7as cr\u00f4nicas. A car\u00eancia desse nutriente \u00e9 mais comum do que se imagina: cerca de 10% da popula\u00e7\u00e3o mundial consome menos prote\u00edna do que o necess\u00e1rio, segundo o Global Nutrition Report 2021.<\/p>\n<p>Esse d\u00e9ficit tem impulsionado o crescimento dos alimentos fortificados, dos r\u00f3tulos com o selo \u201c+prote\u00edna\u201d e o interesse por fontes alternativas, como as microalgas \u2014 que prometem unir nutri\u00e7\u00e3o e sustentabilidade. Especialistas apontam tr\u00eas fontes completas, acess\u00edveis e funcionais: iogurte, microalgas e ovos. A informa\u00e7\u00e3o \u00e9 do jornais \u201cLa Nacion\u201d e \u201cO Globo\u201d.<\/p>\n<p>Iogurte: tradi\u00e7\u00e3o milenar e ci\u00eancia moderna<\/p>\n<p>Presente nas mesas h\u00e1 mais de 4 mil anos, o iogurte nasceu de forma acidental no Oriente M\u00e9dio, quando povos n\u00f4mades transportavam leite em bolsas de couro que, com o calor, fermentavam o l\u00edquido. O resultado era uma nova textura e sabor \u2014 e uma das primeiras formas de alimento probi\u00f3tico da hist\u00f3ria.<\/p>\n<p>A ci\u00eancia moderna confirmou o valor nutricional dessa descoberta. No s\u00e9culo 19, o b\u00falgaro Stamen Grigorov identificou as bact\u00e9rias respons\u00e1veis pela fermenta\u00e7\u00e3o, e o russo Ilya Metchnikoff, vencedor do Nobel, associou o consumo do iogurte \u00e0 longevidade dos camponeses b\u00falgaros, consolidando o conceito de \u201cprobi\u00f3ticos\u201d.<\/p>\n<p>A nutricionista Milagros Sympson explica que o alimento \u00e9 rico em c\u00e1lcio, gorduras boas, vitaminas do complexo B e minerais como f\u00f3sforo, pot\u00e1ssio e magn\u00e9sio. \u201cAs prote\u00ednas do iogurte t\u00eam alto valor biol\u00f3gico e s\u00e3o ricas em amino\u00e1cidos essenciais, como a leucina, fundamental para a manuten\u00e7\u00e3o e o crescimento muscular. Cem gramas de iogurte natural integral oferecem cerca de quatro gramas de prote\u00edna\u201d, destaca.<\/p>\n<p>O iogurte contribui para a saciedade e pode ajudar no controle do peso em dietas com restri\u00e7\u00e3o cal\u00f3rica.<\/p>\n<p><img fetchpriority=\"high\" decoding=\"async\" class=\"wp-image-95806\" src=\"data:image\/svg+xml,%3Csvg%20xmlns=\" http:=\"\" alt=\"Tr\u00eas fontes de prote\u00edna de alta qualidade para pessoas com mais de 50 anos\" width=\"720\" height=\"480\" data-lazy-src=\"https:\/\/www.europesays.com\/pt\/wp-content\/uploads\/2025\/11\/w=9999.jpeg\"\/>Tr\u00eas fontes de prote\u00edna de alta qualidade para pessoas com mais de 50 anos<br \/>\nMicroalgas: o futuro da alimenta\u00e7\u00e3o sustent\u00e1vel<\/p>\n<p>Em um planeta que busca alternativas mais sustent\u00e1veis ao modelo alimentar atual, as microalgas surgem como candidatas promissoras. Capazes de realizar fotoss\u00edntese e ricas em nutrientes, elas combinam efici\u00eancia ambiental e alto valor nutricional.<\/p>\n<p>O gastroenterologista Facundo Pereyra observa que, em algumas esp\u00e9cies, como a spirulina, o teor proteico pode chegar a 70% do peso seco \u2014 n\u00edvel compar\u00e1vel ao das fontes animais.<\/p>\n<p>\u201cS\u00e3o prote\u00ednas completas e podem ser uma alternativa vi\u00e1vel para quem segue dietas \u00e0 base de plantas\u201d, afirma. Pereyra ressalta ainda outros benef\u00edcios: o alto teor de \u00f4mega-3, importante para a sa\u00fade cerebral e ocular; compostos prebi\u00f3ticos que favorecem a digest\u00e3o; e minerais como ferro, essenciais para atletas e idosos.<\/p>\n<p>Ovos: nutri\u00e7\u00e3o completa e acess\u00edvel<\/p>\n<p>Cl\u00e1ssicos e democr\u00e1ticos, os ovos continuam sendo uma das fontes mais econ\u00f4micas e eficientes de prote\u00edna. Um \u00fanico ovo fornece cerca de seis gramas de prote\u00edna e apenas 70 calorias, al\u00e9m de vitaminas B12, D e riboflavina.<\/p>\n<p>\u201cVoc\u00ea obt\u00e9m muita prote\u00edna por poucas calorias\u201d, afirmou Bethany Doerfler, nutricionista da Feinberg School of Medicine da Universidade Northwestern, em entrevista ao \u201cThe New York Times\u201d.<\/p>\n<p>A professora Sapna Batheja, da Universidade George Mason, refor\u00e7a que os ovos cont\u00eam os nove amino\u00e1cidos essenciais que o corpo humano n\u00e3o produz. \u201cPor isso, s\u00e3o considerados uma fonte de prote\u00edna completa\u201d, explica.<\/p>\n<p>Entre tradi\u00e7\u00e3o, inova\u00e7\u00e3o e acessibilidade, iogurtes, microalgas e ovos mostram que a busca por uma alimenta\u00e7\u00e3o mais equilibrada passa, inevitavelmente, pelo protagonismo das prote\u00ednas \u2014 agora, com um olhar que combina sa\u00fade, ci\u00eancia e sustentabilidade.<\/p>\n<p><strong>Fonte<\/strong>: ICL Not\u00edcias<\/p>\n<p>&#13;<br \/>\n\t\t\t\t Post Views: 233&#13;\n\t\t\t<\/p>\n","protected":false},"excerpt":{"rendered":"As\u00a0prote\u00ednas\u00a0s\u00e3o essenciais para o funcionamento do corpo humano em todas as fases da vida \u2014 atuando na forma\u00e7\u00e3o&hellip;\n","protected":false},"author":2,"featured_media":135032,"comment_status":"","ping_status":"","sticky":false,"template":"","format":"standard","meta":{"footnotes":""},"categories":[86],"tags":[2950,4533,116,32,33,117],"class_list":{"0":"post-135031","1":"post","2":"type-post","3":"status-publish","4":"format-standard","5":"has-post-thumbnail","7":"category-saude","8":"tag-alimento","9":"tag-comida","10":"tag-health","11":"tag-portugal","12":"tag-pt","13":"tag-saude"},"share_on_mastodon":{"url":"https:\/\/pubeurope.com\/@pt\/115473159485076459","error":""},"_links":{"self":[{"href":"https:\/\/www.europesays.com\/pt\/wp-json\/wp\/v2\/posts\/135031","targetHints":{"allow":["GET"]}}],"collection":[{"href":"https:\/\/www.europesays.com\/pt\/wp-json\/wp\/v2\/posts"}],"about":[{"href":"https:\/\/www.europesays.com\/pt\/wp-json\/wp\/v2\/types\/post"}],"author":[{"embeddable":true,"href":"https:\/\/www.europesays.com\/pt\/wp-json\/wp\/v2\/users\/2"}],"replies":[{"embeddable":true,"href":"https:\/\/www.europesays.com\/pt\/wp-json\/wp\/v2\/comments?post=135031"}],"version-history":[{"count":0,"href":"https:\/\/www.europesays.com\/pt\/wp-json\/wp\/v2\/posts\/135031\/revisions"}],"wp:featuredmedia":[{"embeddable":true,"href":"https:\/\/www.europesays.com\/pt\/wp-json\/wp\/v2\/media\/135032"}],"wp:attachment":[{"href":"https:\/\/www.europesays.com\/pt\/wp-json\/wp\/v2\/media?parent=135031"}],"wp:term":[{"taxonomy":"category","embeddable":true,"href":"https:\/\/www.europesays.com\/pt\/wp-json\/wp\/v2\/categories?post=135031"},{"taxonomy":"post_tag","embeddable":true,"href":"https:\/\/www.europesays.com\/pt\/wp-json\/wp\/v2\/tags?post=135031"}],"curies":[{"name":"wp","href":"https:\/\/api.w.org\/{rel}","templated":true}]}}