{"id":135054,"date":"2025-11-01T07:45:09","date_gmt":"2025-11-01T07:45:09","guid":{"rendered":"https:\/\/www.europesays.com\/pt\/135054\/"},"modified":"2025-11-01T07:45:09","modified_gmt":"2025-11-01T07:45:09","slug":"ha-um-novo-bug-do-windows-11-que-muda-o-sistema-da-microsoft","status":"publish","type":"post","link":"https:\/\/www.europesays.com\/pt\/135054\/","title":{"rendered":"H\u00e1 um novo bug do Windows 11 que muda o sistema da Microsoft"},"content":{"rendered":"<p>S\u00e3o interessantes, ainda que muito irritantes, os bugs do Windows 11 e de outras vers\u00f5es. As vers\u00f5es tendem a acumular falhas e que acabam por atrapalhar a sua utiliza\u00e7\u00e3o. A mais recente surge agora no Gestor de Tarefas, que se recusa a fechar. Descubra que bug da Microsoft \u00e9 este e como pode ser corrigido, ainda que de forma tempor\u00e1ria.<\/p>\n<p><a target=\"_blank\" href=\"https:\/\/pplware.sapo.pt\/wp-content\/uploads\/2025\/06\/windows_11_logo_1.jpg\" onclick=\"refreshIframe()\" class=\"foobox\" rel=\"nofollow noopener\"><img fetchpriority=\"high\" decoding=\"async\" src=\"https:\/\/www.europesays.com\/pt\/wp-content\/uploads\/2025\/11\/windows_11_logo_1-1024x576.jpg\" alt=\"Windows 11 Gestor Tarefas bug Microsoft\" width=\"720\" height=\"405\" class=\"aligncenter size-large wp-image-1061527\"  \/><\/a>\n<\/p>\n<p>H\u00e1 um novo bug muito irritante do Windows 11<\/p>\n<p>A mais recente atualiza\u00e7\u00e3o do Windows 11 est\u00e1 a causar um bug bastante estranho, mas muito irritante. Os PCs que instalaram a atualiza\u00e7\u00e3o KB5067036, dispon\u00edvel para o Windows 11 24H2 e 25H2, apresentaram um problema que pode fazer com que o Gestor de Tarefas seja executado em v\u00e1rias inst\u00e2ncias, mesmo quando se tenta fech\u00e1-lo.<\/p>\n<p>De acordo com informa\u00e7\u00f5es, os computadores com a mais recente atualiza\u00e7\u00e3o do Windows 11 est\u00e3o a apresentar um problema bastante invulgar. A quest\u00e3o \u00e9 simples: se interagir com o Gestor de Tarefas e o fechar utilizando o tradicional \u201cX\u201d no canto superior direito, a janela desaparece, mas a ferramenta continua a correr em segundo plano.<\/p>\n<p>Isto significa que, se reabrir o Gestor de Tarefas, seja atrav\u00e9s do atalho (Ctrl+Shift+Esc) ou do menu de op\u00e7\u00f5es de seguran\u00e7a (Ctrl+Alt+Delete), ser\u00e1 iniciada uma nova inst\u00e2ncia. Assim, o utilit\u00e1rio ser\u00e1 duplicado e adicionado \u00e0 inst\u00e2ncia que estava a ser executada anteriormente.<\/p>\n<p><a target=\"_blank\" href=\"https:\/\/pplware.sapo.pt\/wp-content\/uploads\/2023\/08\/pplware_windows_11_gestor_tarefas_1.jpg\" onclick=\"refreshIframe()\" class=\"foobox\" rel=\"nofollow noopener\"><img loading=\"lazy\" decoding=\"async\" src=\"https:\/\/www.europesays.com\/pt\/wp-content\/uploads\/2025\/11\/pplware_windows_11_gestor_tarefas_1-1024x576.jpg\" alt=\"Windows 11 Gestor Tarefas bug Microsoft\" width=\"720\" height=\"405\" class=\"aligncenter size-large wp-image-940793\"  \/><\/a><\/p>\n<p>Muda o comportamento do sistema da Microsoft<\/p>\n<p>A causa exata deste problema irritante que afeta o Windows 11 ainda \u00e9 desconhecida. Especula-se que a atualiza\u00e7\u00e3o KB5067036 esteja, de alguma forma, a corromper o bot\u00e3o de fechar do Gestor de Tarefas, permitindo que este continue a ser executado mesmo depois de a janela desaparecer do ambiente de trabalho.<\/p>\n<p>O mais surpreendente \u00e9 que o problema afeta claramente apenas o Gestor de Tarefas e n\u00e3o a interface de outros utilit\u00e1rios do Windows 11. At\u00e9 ao momento, a Microsoft n\u00e3o se pronunciou publicamente sobre este peculiar bug. \u00c9 importante notar que ter mais do que um Gestor de Tarefas aberto no Windows 11 n\u00e3o representa um grande problema de desempenho.<\/p>\n<p>Quem instalou a atualiza\u00e7\u00e3o e encontrou este problema, existem algumas op\u00e7\u00f5es para o resolver temporariamente. Uma delas \u00e9 utilizar a op\u00e7\u00e3o \u201cTerminar Tarefa\u201d no Gestor de Tarefas. Basta clicar com o bot\u00e3o direito do rato nas inst\u00e2ncias e selecionar essa fun\u00e7\u00e3o ou utilizar o bot\u00e3o \u201cTerminar Tarefa\u201d na parte superior da janela. O problema deste m\u00e9todo \u00e9 que exige que o fa\u00e7a manualmente para cada inst\u00e2ncia.<\/p>\n","protected":false},"excerpt":{"rendered":"S\u00e3o interessantes, ainda que muito irritantes, os bugs do Windows 11 e de outras vers\u00f5es. As vers\u00f5es tendem&hellip;\n","protected":false},"author":2,"featured_media":135055,"comment_status":"","ping_status":"","sticky":false,"template":"","format":"standard","meta":{"footnotes":""},"categories":[84],"tags":[11179,109,107,108,30364,906,32,33,105,103,104,24417,106,110,1732],"class_list":{"0":"post-135054","1":"post","2":"type-post","3":"status-publish","4":"format-standard","5":"has-post-thumbnail","7":"category-ciencia-e-tecnologia","8":"tag-bug","9":"tag-ciencia","10":"tag-ciencia-e-tecnologia","11":"tag-cienciaetecnologia","12":"tag-gestor","13":"tag-microsoft","14":"tag-portugal","15":"tag-pt","16":"tag-science","17":"tag-science-and-technology","18":"tag-scienceandtechnology","19":"tag-tarefas","20":"tag-technology","21":"tag-tecnologia","22":"tag-windows-11"},"share_on_mastodon":{"url":"","error":""},"_links":{"self":[{"href":"https:\/\/www.europesays.com\/pt\/wp-json\/wp\/v2\/posts\/135054","targetHints":{"allow":["GET"]}}],"collection":[{"href":"https:\/\/www.europesays.com\/pt\/wp-json\/wp\/v2\/posts"}],"about":[{"href":"https:\/\/www.europesays.com\/pt\/wp-json\/wp\/v2\/types\/post"}],"author":[{"embeddable":true,"href":"https:\/\/www.europesays.com\/pt\/wp-json\/wp\/v2\/users\/2"}],"replies":[{"embeddable":true,"href":"https:\/\/www.europesays.com\/pt\/wp-json\/wp\/v2\/comments?post=135054"}],"version-history":[{"count":0,"href":"https:\/\/www.europesays.com\/pt\/wp-json\/wp\/v2\/posts\/135054\/revisions"}],"wp:featuredmedia":[{"embeddable":true,"href":"https:\/\/www.europesays.com\/pt\/wp-json\/wp\/v2\/media\/135055"}],"wp:attachment":[{"href":"https:\/\/www.europesays.com\/pt\/wp-json\/wp\/v2\/media?parent=135054"}],"wp:term":[{"taxonomy":"category","embeddable":true,"href":"https:\/\/www.europesays.com\/pt\/wp-json\/wp\/v2\/categories?post=135054"},{"taxonomy":"post_tag","embeddable":true,"href":"https:\/\/www.europesays.com\/pt\/wp-json\/wp\/v2\/tags?post=135054"}],"curies":[{"name":"wp","href":"https:\/\/api.w.org\/{rel}","templated":true}]}}