{"id":135086,"date":"2025-11-01T08:37:39","date_gmt":"2025-11-01T08:37:39","guid":{"rendered":"https:\/\/www.europesays.com\/pt\/135086\/"},"modified":"2025-11-01T08:37:39","modified_gmt":"2025-11-01T08:37:39","slug":"cristianinho-vive-dia-especial-e-dolores-aveiro-rebenta-de-orgulho","status":"publish","type":"post","link":"https:\/\/www.europesays.com\/pt\/135086\/","title":{"rendered":"Cristianinho vive dia especial&#8230; e Dolores Aveiro &#8220;rebenta&#8221; de orgulho!"},"content":{"rendered":"<p><a href=\"https:\/\/selfie.iol.pt\/famosos\/cristiano-ronaldo\/partilhada-surpreendente-novidade-sobre-cristianinho-saiba-tudo\/20251022\/68f8c9ead34e58bc67972dce\" target=\"_blank\" rel=\"nofollow noopener\">Cristiano Ronaldo J\u00fanior, carinhosamente tratado por Cristianinho<\/a>, estreou-se pela Sele\u00e7\u00e3o Nacional de sub-16, na passada quinta-feira, dia 30, somando, assim, a quinta internacionaliza\u00e7\u00e3o por Portugal, depois de j\u00e1 ter jogado quatro vezes pelos sub-15.<\/p>\n<p>O filho mais velho de Cristiano Ronaldo, de 15 anos, entrou em campo perto do minuto 90. A equipa das quinas venceu por 2-0 a sele\u00e7\u00e3o da Turquia, no arranque do Torneio Ta\u00e7a das Federa\u00e7\u00f5es.<\/p>\n<p>Nas redes sociais, Dolores Aveiro n\u00e3o escondeu o orgulho. &#8220;For\u00e7a Portugal sub-16&#8221;, escreveu a madeirense, na legenda da publica\u00e7\u00e3o que fez. Na imagem, a m\u00e3e de Cristiano Ronaldo surge sorridente abra\u00e7ada ao neto.<\/p>\n<p>Portugal volta a jogar no s\u00e1bado, dia 1, frente ao Pa\u00eds de Gales.<\/p>\n<p>Veja, agora, a publica\u00e7\u00e3o de Dolores Aveiro.<\/p>\n<blockquote class=\"instagram-media\" data-instgrm-captioned=\"\" data-instgrm-permalink=\"https:\/\/www.instagram.com\/p\/DQbPzo_CN2Q\/?utm_source=ig_embed&amp;utm_campaign=loading\" data-instgrm-version=\"14\" style=\" background:#FFF; border:0; border-radius:3px; box-shadow:0 0 1px 0 rgba(0,0,0,0.5),0 1px 10px 0 rgba(0,0,0,0.15); margin: 1px; max-width:540px; min-width:326px; padding:0; width:99.375%; width:-webkit-calc(100% - 2px); width:calc(100% - 2px);\">\n<\/blockquote>\n<p>\u00a0<\/p>\n<p>\u00a0<\/p>\n<p>\u00a0<\/p>\n<p>                        <script async src=\"\/\/www.instagram.com\/embed.js\"><\/script><\/p>\n","protected":false},"excerpt":{"rendered":"Cristiano Ronaldo J\u00fanior, carinhosamente tratado por Cristianinho, estreou-se pela Sele\u00e7\u00e3o Nacional de sub-16, na passada quinta-feira, dia 30,&hellip;\n","protected":false},"author":2,"featured_media":135087,"comment_status":"","ping_status":"","sticky":false,"template":"","format":"standard","meta":{"footnotes":""},"categories":[145],"tags":[211,210,668,667,30366,23133,114,115,980,1015,619,32,33,5420,1012,30365],"class_list":{"0":"post-135086","1":"post","2":"type-post","3":"status-publish","4":"format-standard","5":"has-post-thumbnail","7":"category-celebridades","8":"tag-celebridades","9":"tag-celebrities","10":"tag-cr7","11":"tag-cristiano-ronaldo","12":"tag-cristiano-ronaldo-jr","13":"tag-dolores-aveiro","14":"tag-entertainment","15":"tag-entretenimento","16":"tag-famosos","17":"tag-instagram","18":"tag-nacional","19":"tag-portugal","20":"tag-pt","21":"tag-selecao-nacional","22":"tag-selfie","23":"tag-sub-16"},"share_on_mastodon":{"url":"https:\/\/pubeurope.com\/@pt\/115473536976729798","error":""},"_links":{"self":[{"href":"https:\/\/www.europesays.com\/pt\/wp-json\/wp\/v2\/posts\/135086","targetHints":{"allow":["GET"]}}],"collection":[{"href":"https:\/\/www.europesays.com\/pt\/wp-json\/wp\/v2\/posts"}],"about":[{"href":"https:\/\/www.europesays.com\/pt\/wp-json\/wp\/v2\/types\/post"}],"author":[{"embeddable":true,"href":"https:\/\/www.europesays.com\/pt\/wp-json\/wp\/v2\/users\/2"}],"replies":[{"embeddable":true,"href":"https:\/\/www.europesays.com\/pt\/wp-json\/wp\/v2\/comments?post=135086"}],"version-history":[{"count":0,"href":"https:\/\/www.europesays.com\/pt\/wp-json\/wp\/v2\/posts\/135086\/revisions"}],"wp:featuredmedia":[{"embeddable":true,"href":"https:\/\/www.europesays.com\/pt\/wp-json\/wp\/v2\/media\/135087"}],"wp:attachment":[{"href":"https:\/\/www.europesays.com\/pt\/wp-json\/wp\/v2\/media?parent=135086"}],"wp:term":[{"taxonomy":"category","embeddable":true,"href":"https:\/\/www.europesays.com\/pt\/wp-json\/wp\/v2\/categories?post=135086"},{"taxonomy":"post_tag","embeddable":true,"href":"https:\/\/www.europesays.com\/pt\/wp-json\/wp\/v2\/tags?post=135086"}],"curies":[{"name":"wp","href":"https:\/\/api.w.org\/{rel}","templated":true}]}}