{"id":135088,"date":"2025-11-01T08:42:12","date_gmt":"2025-11-01T08:42:12","guid":{"rendered":"https:\/\/www.europesays.com\/pt\/135088\/"},"modified":"2025-11-01T08:42:12","modified_gmt":"2025-11-01T08:42:12","slug":"guy-ritchie-e-jason-statham-se-reunem-em-novo-filme-de-acao-viva-la-madness","status":"publish","type":"post","link":"https:\/\/www.europesays.com\/pt\/135088\/","title":{"rendered":"Guy Ritchie e Jason Statham se re\u00fanem em novo filme de a\u00e7\u00e3o &#8216;Viva La Madness&#8217;"},"content":{"rendered":"<p>A longa parceria entre <strong>Guy Ritchie<\/strong> e<strong> Jason Statham<\/strong> ganhar\u00e1 mais um cap\u00edtulo. A dupla, conhecida por filmes de sucesso como <strong>\u2018Snatch \u2013 Porcos e Diamantes\u2019 <\/strong>e<strong> \u2018Infiltrado\u2019<\/strong>, em breve estrelar\u00e1<strong> \u2018Viva La Madness\u2019<\/strong>, conforme noticiado pela <a href=\"https:\/\/variety.com\/2025\/film\/global\/jason-statham-guy-ritchie-viva-la-madness-layer-cake-1236564273\/\" rel=\"nofollow noopener\" target=\"_blank\">Variety<\/a>.<\/p>\n<p>O novo longa-metragem \u00e9 baseado no romance hom\u00f4nimo de <strong>J.J. Connolly<\/strong>, que \u00e9 a sequ\u00eancia liter\u00e1ria de \u201cLayer Cake\u201d, obra adaptada para o cultuado drama policial de 2004 estrelado por<strong> Daniel Craig<\/strong>.<\/p>\n<p>Embora o material de origem seja uma continua\u00e7\u00e3o, o novo filme de <strong>Ritchie<\/strong> est\u00e1 sendo divulgado como uma produ\u00e7\u00e3o original e independente, e n\u00e3o como uma sequ\u00eancia, spin-off ou refilmagem de qualquer adapta\u00e7\u00e3o anterior do autor.<\/p>\n<p>A trama, que est\u00e1 sendo mantida em sigilo, segue o traficante an\u00f4nimo de Londres conhecido apenas como \u201cX\u201d, protagonista do livro. A obra de 2011 \u00e9 descrita como uma com\u00e9dia sombria repleta de sexo, golpes, drogas e dinheiro sujo, que acompanha o protagonista ap\u00f3s ele tentar deixar a vida de crime para tr\u00e1s.<\/p>\n<p><a href=\"https:\/\/cinepop.com.br\/filme-de-vinganca-estrelado-por-jason-statham-vai-ganhar-sequencia-637679\/\" rel=\"nofollow noopener\" target=\"_blank\">Conhe\u00e7a o filme de A\u00c7\u00c3O com Jason Statham que tirou a lideran\u00e7a de \u2018Branca de Neve\u2019 nas bilheterias e saiba aonde assist\u00ed-lo<\/a><\/p>\n<p>O projeto<strong> \u2018Viva La Madness\u2019<\/strong> foi idealizado por <strong>Jason Statham<\/strong> e <strong>Thomas Benski<\/strong> (Gangs of London), que produzem o filme por meio de suas empresas Punch Palace Productions e Lumina Studios, em parceria com a Toff Guy Films de Guy Ritchie.<\/p>\n<p><strong>Guy Ritchie<\/strong> est\u00e1 confirmado como roteirista e diretor do longa, e <strong>Jason Statham<\/strong> \u00e9, at\u00e9 o momento, o \u00fanico membro do elenco anunciado. As filmagens est\u00e3o programadas para come\u00e7ar em janeiro de 2026.<\/p>\n","protected":false},"excerpt":{"rendered":"A longa parceria entre Guy Ritchie e Jason Statham ganhar\u00e1 mais um cap\u00edtulo. A dupla, conhecida por filmes&hellip;\n","protected":false},"author":2,"featured_media":135089,"comment_status":"","ping_status":"","sticky":false,"template":"","format":"standard","meta":{"footnotes":""},"categories":[140],"tags":[6701,114,115,147,148,30367,30368,30369,8023,146,32,33,30370,30371,30372],"class_list":{"0":"post-135088","1":"post","2":"type-post","3":"status-publish","4":"format-standard","5":"has-post-thumbnail","7":"category-filmes","8":"tag-daniel-craig","9":"tag-entertainment","10":"tag-entretenimento","11":"tag-film","12":"tag-filmes","13":"tag-guy-ritchie","14":"tag-infiltrado","15":"tag-j-j-connolly","16":"tag-jason-statham","17":"tag-movies","18":"tag-portugal","19":"tag-pt","20":"tag-snatch-porcos-e-diamantes","21":"tag-thomas-benski","22":"tag-viva-la-madness"},"share_on_mastodon":{"url":"https:\/\/pubeurope.com\/@pt\/115473556797860802","error":""},"_links":{"self":[{"href":"https:\/\/www.europesays.com\/pt\/wp-json\/wp\/v2\/posts\/135088","targetHints":{"allow":["GET"]}}],"collection":[{"href":"https:\/\/www.europesays.com\/pt\/wp-json\/wp\/v2\/posts"}],"about":[{"href":"https:\/\/www.europesays.com\/pt\/wp-json\/wp\/v2\/types\/post"}],"author":[{"embeddable":true,"href":"https:\/\/www.europesays.com\/pt\/wp-json\/wp\/v2\/users\/2"}],"replies":[{"embeddable":true,"href":"https:\/\/www.europesays.com\/pt\/wp-json\/wp\/v2\/comments?post=135088"}],"version-history":[{"count":0,"href":"https:\/\/www.europesays.com\/pt\/wp-json\/wp\/v2\/posts\/135088\/revisions"}],"wp:featuredmedia":[{"embeddable":true,"href":"https:\/\/www.europesays.com\/pt\/wp-json\/wp\/v2\/media\/135089"}],"wp:attachment":[{"href":"https:\/\/www.europesays.com\/pt\/wp-json\/wp\/v2\/media?parent=135088"}],"wp:term":[{"taxonomy":"category","embeddable":true,"href":"https:\/\/www.europesays.com\/pt\/wp-json\/wp\/v2\/categories?post=135088"},{"taxonomy":"post_tag","embeddable":true,"href":"https:\/\/www.europesays.com\/pt\/wp-json\/wp\/v2\/tags?post=135088"}],"curies":[{"name":"wp","href":"https:\/\/api.w.org\/{rel}","templated":true}]}}