{"id":135096,"date":"2025-11-01T08:48:12","date_gmt":"2025-11-01T08:48:12","guid":{"rendered":"https:\/\/www.europesays.com\/pt\/135096\/"},"modified":"2025-11-01T08:48:12","modified_gmt":"2025-11-01T08:48:12","slug":"afeganistao-regime-taliban-quer-participar-na-cimeira-do-clima-da-onu","status":"publish","type":"post","link":"https:\/\/www.europesays.com\/pt\/135096\/","title":{"rendered":"Afeganist\u00e3o. Regime taliban quer participar na cimeira do clima da ONU"},"content":{"rendered":"<p>&#13;<br \/>\nO regime afeg\u00e3o pede para participar em cimeira da ONU sobre o clima &#8211; COP30 -, agendada para novembro em Bel\u00e9m, no Brasil. O pedido surgiu durante uma reuni\u00e3o esta sexta-feira onde foi debatido o efeito das altera\u00e7\u00f5es clim\u00e1ticas no Afeganist\u00e3o.&#13;\n<\/p>\n<p>&#13;<br \/>\n<b>O ministro do Ambiente expressou esse desejo de incluir o Afeganist\u00e3o nas negocia\u00e7\u00f5es clim\u00e1ticas da COP30<\/b><b>, apesar de o regime taliban n\u00e3o ter sido convidado oficialmente pela ONU. <\/b><br \/>&#13;\n<\/p>\n<p>&#13;<br \/>\nO desejo de Cabul surge ap\u00f3s a suspens\u00e3o de projetos ambientais no pa\u00eds, em 2021, que resultaram em preju\u00edzos para a popula\u00e7\u00e3o, alegam membros do regime.&#13;\n<\/p>\n<p>&#13;<br \/>\nDesde o regresso ao poder dos fundamentalistas em agosto de 2021, cuja lideran\u00e7a n\u00e3o \u00e9 reconhecida internacionalmente, o Afeganist\u00e3o vive isolado da comunidade internacional, o que tem limitado a sua participa\u00e7\u00e3o em f\u00f3runs globais e ao acesso a financiamento de projetos internacionais.<br \/>&#13;\n<\/p>\n<p><b>&#8220;O Afeganist\u00e3o \u00e9 gravemente afetado pelas altera\u00e7\u00f5es clim\u00e1ticas e as suas consequ\u00eancias, e a comunidade internacional n\u00e3o deve politizar as quest\u00f5es ambientais&#8221;<\/b>, afirmou Matiul Haq Khalis, diretor-geral da Ag\u00eancia Nacional de Prote\u00e7\u00e3o Ambiental do Afeganist\u00e3o (NEPA).<\/p>\n<p>A NEPA foi uma das entidades organizadoras do encontro que decorreu em Cabul, em conjunto com a organiza\u00e7\u00e3o n\u00e3o-governamental (ONG) The Liaison Office (TLO), dedicada a quest\u00f5es clim\u00e1ticas, segundo relato de v\u00e1rios meios de comunica\u00e7\u00e3o afeg\u00e3os. <br \/>&#13;\n<\/p>\n<p>&#13;<br \/>\n<b>\u201cA seca, a escassez de \u00e1gua, a redu\u00e7\u00e3o de terras ar\u00e1veis, as inunda\u00e7\u00f5es repentinas e outras amea\u00e7as \u00e0 seguran\u00e7a alimentar est\u00e3o a ter um impacto profundo na vida das pessoas e na economia<\/b>&#8220;, observara Khalis em julho passado.<br \/>&#13;\n<\/p>\n<p>&#13;<br \/>\n<br \/>&#13;<br \/>\nMatiul Haq Khalis indicou que os participantes da reuni\u00e3o preparat\u00f3ria de Cabul &#8220;partilharam opini\u00f5es, ouviram-se uns aos outros e forneceram informa\u00e7\u00e3o sobre o que \u00e9 necess\u00e1rio e o que deve ser feito&#8221;, para que a voz do Afeganist\u00e3o na COP30 &#8220;seja unificada&#8221;. <br \/>&#13;\n<\/p>\n<p>UE. Ajuda ao povo afeg\u00e3o<br \/>\nNesta reuni\u00e3o de sexta-feira, a Uni\u00e3o Europeia (UE) tamb\u00e9m esteve presente e a delega\u00e7\u00e3o da Europa no Afeganist\u00e3o confirmou ter participado na mesa-redonda, reiterando o compromisso europeu com a resili\u00eancia clim\u00e1tica e o apoio ao pa\u00eds para enfrentar os efeitos das altera\u00e7\u00f5es clim\u00e1ticas nos meios de subsist\u00eancia e nos deslocamentos da popula\u00e7\u00e3o.<\/p>\n<p>Benjamin Weiss, chefe da Sec\u00e7\u00e3o Pol\u00edtica da UE em Cabul, declarou aos meios de comunica\u00e7\u00e3o social locais que a Uni\u00e3o Europeia &#8220;foca-se no apoio direto \u00e0s comunidades do Afeganist\u00e3o&#8221;. <\/p>\n<p><b>&#8220;A UE trabalha com v\u00e1rias organiza\u00e7\u00f5es para garantir que a sua ajuda chegue ao povo afeg\u00e3o<\/b>&#8220;, sublinhou Weiss.&#13;\n<\/p>\n<p>&#13;<br \/>\nA situa\u00e7\u00e3o agrava-se devido \u00e0 sobre-explora\u00e7\u00e3o dos po\u00e7os, \u00e0 escassez de precipita\u00e7\u00e3o e \u00e0 m\u00e1 gest\u00e3o dos recursos. <br \/>&#13;\n<\/p>\n<p>&#13;<br \/>\nAp\u00f3s esta reuni\u00e3o, uma delega\u00e7\u00e3o afeg\u00e3 prev\u00ea participar na COP30, que decorrer\u00e1 no in\u00edcio de novembro em Bel\u00e9m, no Brasil. <br \/>&#13;\n<\/p>\n<p>&#13;<br \/>\n<br \/>&#13;<br \/>\nNo ano passado no Azerbaij\u00e3o, uma delega\u00e7\u00e3o taliban participou das negocia\u00e7\u00f5es clim\u00e1ticas da COP29, <b>mas apenas como observadores. <br \/>&#13;<br \/>\n<\/b>&#13;\n<\/p>\n<p>&#13;<br \/>\nc\/Lusa&#13;<\/p>\n","protected":false},"excerpt":{"rendered":"&#13; O regime afeg\u00e3o pede para participar em cimeira da ONU sobre o clima &#8211; COP30 -, agendada&hellip;\n","protected":false},"author":2,"featured_media":135097,"comment_status":"","ping_status":"","sticky":false,"template":"","format":"standard","meta":{"footnotes":""},"categories":[50],"tags":[15560,27,28,2271,6391,15,16,14,25,26,21,22,62,12,13,19,20,23,24,30373,17,18,29,30,31,63,64,65],"class_list":{"0":"post-135096","1":"post","2":"type-post","3":"status-publish","4":"format-standard","5":"has-post-thumbnail","7":"category-mundo","8":"tag-afeganistao","9":"tag-breaking-news","10":"tag-breakingnews","11":"tag-clima","12":"tag-cop30","13":"tag-featured-news","14":"tag-featurednews","15":"tag-headlines","16":"tag-latest-news","17":"tag-latestnews","18":"tag-main-news","19":"tag-mainnews","20":"tag-mundo","21":"tag-news","22":"tag-noticias","23":"tag-noticias-principais","24":"tag-noticiasprincipais","25":"tag-principais-noticias","26":"tag-principaisnoticias","27":"tag-taliba","28":"tag-top-stories","29":"tag-topstories","30":"tag-ultimas","31":"tag-ultimas-noticias","32":"tag-ultimasnoticias","33":"tag-world","34":"tag-world-news","35":"tag-worldnews"},"share_on_mastodon":{"url":"https:\/\/pubeurope.com\/@pt\/115473580214107013","error":""},"_links":{"self":[{"href":"https:\/\/www.europesays.com\/pt\/wp-json\/wp\/v2\/posts\/135096","targetHints":{"allow":["GET"]}}],"collection":[{"href":"https:\/\/www.europesays.com\/pt\/wp-json\/wp\/v2\/posts"}],"about":[{"href":"https:\/\/www.europesays.com\/pt\/wp-json\/wp\/v2\/types\/post"}],"author":[{"embeddable":true,"href":"https:\/\/www.europesays.com\/pt\/wp-json\/wp\/v2\/users\/2"}],"replies":[{"embeddable":true,"href":"https:\/\/www.europesays.com\/pt\/wp-json\/wp\/v2\/comments?post=135096"}],"version-history":[{"count":0,"href":"https:\/\/www.europesays.com\/pt\/wp-json\/wp\/v2\/posts\/135096\/revisions"}],"wp:featuredmedia":[{"embeddable":true,"href":"https:\/\/www.europesays.com\/pt\/wp-json\/wp\/v2\/media\/135097"}],"wp:attachment":[{"href":"https:\/\/www.europesays.com\/pt\/wp-json\/wp\/v2\/media?parent=135096"}],"wp:term":[{"taxonomy":"category","embeddable":true,"href":"https:\/\/www.europesays.com\/pt\/wp-json\/wp\/v2\/categories?post=135096"},{"taxonomy":"post_tag","embeddable":true,"href":"https:\/\/www.europesays.com\/pt\/wp-json\/wp\/v2\/tags?post=135096"}],"curies":[{"name":"wp","href":"https:\/\/api.w.org\/{rel}","templated":true}]}}