{"id":135107,"date":"2025-11-01T09:02:13","date_gmt":"2025-11-01T09:02:13","guid":{"rendered":"https:\/\/www.europesays.com\/pt\/135107\/"},"modified":"2025-11-01T09:02:13","modified_gmt":"2025-11-01T09:02:13","slug":"portugues-morre-num-acidente-de-trabalho-na-suica","status":"publish","type":"post","link":"https:\/\/www.europesays.com\/pt\/135107\/","title":{"rendered":"Portugu\u00eas morre num acidente de trabalho na Su\u00ed\u00e7a"},"content":{"rendered":"<p data-remotead-prev-elm=\"true\" data-remotead-elm-id=\"inread\">O acidente de trabalho ter\u00e1 ocorrido por volta das 7.45 horas de sexta-feira, durante trabalhos de demoli\u00e7\u00e3o de um edif\u00edcio. De acordo com \u00f3rg\u00e3os de comunica\u00e7\u00e3o local, o teto da infraestrutura ter\u00e1 desabado e o trabalhador ter\u00e1 ficado preso na cabine da escavadora que manobrava, tendo sofrido ferimentos graves.<\/p>\n<p>Os colegas de trabalho ainda conseguiram retirar o portugu\u00eas do interior da m\u00e1quina, tendo colocado o trabalhador em seguran\u00e7a. Ap\u00f3s receber assist\u00eancia dos bombeiros, o homem foi transportado de helic\u00f3ptero para o hospital. No entanto, o portugu\u00eas acabou por n\u00e3o resistir aos ferimentos e faleceu.<\/p>\n<p>A Pol\u00edcia de Zug ter\u00e1 aberto uma investiga\u00e7\u00e3o para apurar as causas do acidente. De acordo com o &#8220;Correio da Manh\u00e3&#8221;, a v\u00edtima \u00e9 Jos\u00e9 Manuel dos Anjos Santo, natural de Paradela de Monforte, no concelho de Chaves, e estaria emigrado na Su\u00ed\u00e7a h\u00e1 v\u00e1rios anos. Ainda segundo o mesmo jornal, o funeral de Jos\u00e9 Manuel Santo est\u00e1 marcado para domingo \u00e0s 15.30 horas em Barcos, Tabua\u00e7o.<\/p>\n<p><img decoding=\"async\" class=\"ngx-body\" guid=\"4ff4fb42-e95f-4306-a125-c4f4df869dfa\" src=\"https:\/\/www.europesays.com\/pt\/wp-content\/uploads\/2025\/11\/1761987733_558_image.jpg\" width=\"100%\"\/><\/p>\n","protected":false},"excerpt":{"rendered":"O acidente de trabalho ter\u00e1 ocorrido por volta das 7.45 horas de sexta-feira, durante trabalhos de demoli\u00e7\u00e3o de&hellip;\n","protected":false},"author":2,"featured_media":135108,"comment_status":"","ping_status":"","sticky":false,"template":"","format":"standard","meta":{"footnotes":""},"categories":[50],"tags":[59,27,28,30382,15,16,14,25,26,21,22,3912,62,12,13,19,20,23,24,5697,17,18,29,30,31,63,64,65],"class_list":{"0":"post-135107","1":"post","2":"type-post","3":"status-publish","4":"format-standard","5":"has-post-thumbnail","7":"category-mundo","8":"tag-acidente","9":"tag-breaking-news","10":"tag-breakingnews","11":"tag-concelho-chaves","12":"tag-featured-news","13":"tag-featurednews","14":"tag-headlines","15":"tag-latest-news","16":"tag-latestnews","17":"tag-main-news","18":"tag-mainnews","19":"tag-mortes","20":"tag-mundo","21":"tag-news","22":"tag-noticias","23":"tag-noticias-principais","24":"tag-noticiasprincipais","25":"tag-principais-noticias","26":"tag-principaisnoticias","27":"tag-suica","28":"tag-top-stories","29":"tag-topstories","30":"tag-ultimas","31":"tag-ultimas-noticias","32":"tag-ultimasnoticias","33":"tag-world","34":"tag-world-news","35":"tag-worldnews"},"share_on_mastodon":{"url":"https:\/\/pubeurope.com\/@pt\/115473635446298610","error":""},"_links":{"self":[{"href":"https:\/\/www.europesays.com\/pt\/wp-json\/wp\/v2\/posts\/135107","targetHints":{"allow":["GET"]}}],"collection":[{"href":"https:\/\/www.europesays.com\/pt\/wp-json\/wp\/v2\/posts"}],"about":[{"href":"https:\/\/www.europesays.com\/pt\/wp-json\/wp\/v2\/types\/post"}],"author":[{"embeddable":true,"href":"https:\/\/www.europesays.com\/pt\/wp-json\/wp\/v2\/users\/2"}],"replies":[{"embeddable":true,"href":"https:\/\/www.europesays.com\/pt\/wp-json\/wp\/v2\/comments?post=135107"}],"version-history":[{"count":0,"href":"https:\/\/www.europesays.com\/pt\/wp-json\/wp\/v2\/posts\/135107\/revisions"}],"wp:featuredmedia":[{"embeddable":true,"href":"https:\/\/www.europesays.com\/pt\/wp-json\/wp\/v2\/media\/135108"}],"wp:attachment":[{"href":"https:\/\/www.europesays.com\/pt\/wp-json\/wp\/v2\/media?parent=135107"}],"wp:term":[{"taxonomy":"category","embeddable":true,"href":"https:\/\/www.europesays.com\/pt\/wp-json\/wp\/v2\/categories?post=135107"},{"taxonomy":"post_tag","embeddable":true,"href":"https:\/\/www.europesays.com\/pt\/wp-json\/wp\/v2\/tags?post=135107"}],"curies":[{"name":"wp","href":"https:\/\/api.w.org\/{rel}","templated":true}]}}