{"id":135120,"date":"2025-11-01T09:14:10","date_gmt":"2025-11-01T09:14:10","guid":{"rendered":"https:\/\/www.europesays.com\/pt\/135120\/"},"modified":"2025-11-01T09:14:10","modified_gmt":"2025-11-01T09:14:10","slug":"samsung-passa-apple-nos-smartphones-e-galaxy-z-fold-7-ajudou","status":"publish","type":"post","link":"https:\/\/www.europesays.com\/pt\/135120\/","title":{"rendered":"Samsung passa Apple nos smartphones, e Galaxy Z Fold 7 ajudou"},"content":{"rendered":"<p>Os mais recentes resultados da Apple mostraram o aparente bom resultado do iPhone e um crescimento nas vendas. Mesmo com este cen\u00e1rio, a realidade \u00e9 diferente e mostra que a Samsung ultrapassa novamente a Apple nos smartphones, com ajuda do Galaxy Z Fold 7.<\/p>\n<p><a target=\"_blank\" href=\"https:\/\/pplware.sapo.pt\/wp-content\/uploads\/2025\/10\/samsung_apple_smartphones_0.jpg\" onclick=\"refreshIframe()\" class=\"foobox\" rel=\"nofollow noopener\"><img fetchpriority=\"high\" decoding=\"async\" src=\"https:\/\/www.europesays.com\/pt\/wp-content\/uploads\/2025\/11\/samsung_apple_smartphones_0-1024x576.jpg\" alt=\"Samsung Apple smartphones Galaxy Z Fold 7\" width=\"720\" height=\"405\" class=\"aligncenter size-large wp-image-1086209\"  \/><\/a>\n<\/p>\n<p>A Samsung ultrapassou novamente a Apple<\/p>\n<p>A quota de mercado global de smartphones permanece praticamente inalterada, com a Samsung e a Apple a disputarem a lideran\u00e7a das remessas. Em parte devido ao sucesso do lan\u00e7amento do Galaxy Z Fold 7, a Samsung ocupa a primeira posi\u00e7\u00e3o.<\/p>\n<p>Os recentes resultados da Samsung detalharam uma s\u00e9rie de iniciativas para o pr\u00f3ximo ano, incluindo os seus pr\u00f3ximos smartphones topo de gama. O <a target=\"_blank\" href=\"https:\/\/omdia.tech.informa.com\/pr\/2025\/oct\/omdia-global-smartphone-market-grows-3percent-in-q3-2025-led-by-emerging-economies\" rel=\"nofollow noopener\">relat\u00f3rio<\/a> observa que a Samsung apresentou um crescimento ano ap\u00f3s ano e trimestre ap\u00f3s trimestre, mas omitiu alguns detalhes referentes a este ano. O Galaxy Z Fold 7 recebe um destaque como um dos lan\u00e7amentos mais fortes do ano, o que se confirma nos relat\u00f3rios anteriores.<\/p>\n<p><a target=\"_blank\" href=\"https:\/\/pplware.sapo.pt\/wp-content\/uploads\/2025\/10\/samsung_apple_smartphones_1.jpg\" onclick=\"refreshIframe()\" class=\"foobox\" rel=\"nofollow noopener\"><img loading=\"lazy\" decoding=\"async\" src=\"https:\/\/www.europesays.com\/pt\/wp-content\/uploads\/2025\/11\/samsung_apple_smartphones_1-1024x478.jpg\" alt=\"Samsung Apple smartphones Galaxy Z Fold 7\" width=\"720\" height=\"336\" class=\"aligncenter size-large wp-image-1086208\"  \/><\/a><\/p>\n<p>Um relat\u00f3rio separado da Omdia observa que a Samsung registou, de facto, um crescimento nas remessas globais de smartphones. As remessas aumentaram 6%, de 57,5 \u200b\u200bmilh\u00f5es para 60,6 milh\u00f5es no terceiro trimestre de 2025. Estes s\u00e3o os dados mais recentes que temos desde o lan\u00e7amento do Galaxy Z Fold 7 pela Samsung.<\/p>\n<p>Nos smartphones a ajuda veio do Galaxy Z Fold 7<\/p>\n<p>A Samsung manteve tamb\u00e9m a sua posi\u00e7\u00e3o \u00e0 frente da Apple, que cresceu 4% face ao ano anterior. A quota de mercado global permanece inalterada entre as duas principais empresas, em 19% e 18% para a Samsung e a Apple. Este \u00e9 o segundo ano consecutivo em que a Samsung mant\u00e9m a lideran\u00e7a desde que a ultrapassou em 2024. Este \u00e9 tamb\u00e9m o segundo ano em que ambos apresentam um crescimento desde a queda em 2023.<\/p>\n<p><a target=\"_blank\" href=\"https:\/\/pplware.sapo.pt\/wp-content\/uploads\/2025\/10\/samsung_apple_smartphones_2.jpg\" onclick=\"refreshIframe()\" class=\"foobox\" rel=\"nofollow noopener\"><img loading=\"lazy\" decoding=\"async\" src=\"https:\/\/www.europesays.com\/pt\/wp-content\/uploads\/2025\/11\/samsung_apple_smartphones_2-1024x538.jpg\" alt=\"Samsung Apple smartphones Galaxy Z Fold 7\" width=\"720\" height=\"378\" class=\"aligncenter size-large wp-image-1086207\"  \/><\/a><\/p>\n<p>Os detalhes espec\u00edficos sobre as vendas do Galaxy Z Fold 7 n\u00e3o foram divulgados, mas o relat\u00f3rio refere que o &#8220;crescimento foi impulsionado&#8221; pelo Galaxy Z Fold 7 e pelo Flip 7. Pode-se presumir que o sucesso do dobr\u00e1vel Android impulsionou a Samsung um pouco mais no ranking, mesmo que a s\u00e9rie Galaxy S25 tenha tido um sucesso moderado, de acordo com os n\u00fameros.<\/p>\n<p>Isto acontece enquanto a Samsung prepara tudo para o lan\u00e7amento do Galaxy TriFold. A empresa revelou o dispositivo na APEC 2025. Agora est\u00e1 claro o qu\u00e3o fino \u00e9 este dobr\u00e1vel, mesmo que ainda haja muitas perguntas. Planeia lan\u00e7ar o dispositivo ainda este ano e quando isso acontecer, n\u00e3o dar\u00e1 \u00e0 Samsung uma vantagem substancial nos lucros, uma vez que planeia produzir uma quantidade limitada de dispositivos.<\/p>\n","protected":false},"excerpt":{"rendered":"Os mais recentes resultados da Apple mostraram o aparente bom resultado do iPhone e um crescimento nas vendas.&hellip;\n","protected":false},"author":2,"featured_media":135121,"comment_status":"","ping_status":"","sticky":false,"template":"","format":"standard","meta":{"footnotes":""},"categories":[84],"tags":[247,109,107,108,6736,32,33,952,105,103,104,954,106,110],"class_list":{"0":"post-135120","1":"post","2":"type-post","3":"status-publish","4":"format-standard","5":"has-post-thumbnail","7":"category-ciencia-e-tecnologia","8":"tag-apple","9":"tag-ciencia","10":"tag-ciencia-e-tecnologia","11":"tag-cienciaetecnologia","12":"tag-galaxy-z-fold-7","13":"tag-portugal","14":"tag-pt","15":"tag-samsung","16":"tag-science","17":"tag-science-and-technology","18":"tag-scienceandtechnology","19":"tag-smartphones","20":"tag-technology","21":"tag-tecnologia"},"share_on_mastodon":{"url":"https:\/\/pubeurope.com\/@pt\/115473682633694508","error":""},"_links":{"self":[{"href":"https:\/\/www.europesays.com\/pt\/wp-json\/wp\/v2\/posts\/135120","targetHints":{"allow":["GET"]}}],"collection":[{"href":"https:\/\/www.europesays.com\/pt\/wp-json\/wp\/v2\/posts"}],"about":[{"href":"https:\/\/www.europesays.com\/pt\/wp-json\/wp\/v2\/types\/post"}],"author":[{"embeddable":true,"href":"https:\/\/www.europesays.com\/pt\/wp-json\/wp\/v2\/users\/2"}],"replies":[{"embeddable":true,"href":"https:\/\/www.europesays.com\/pt\/wp-json\/wp\/v2\/comments?post=135120"}],"version-history":[{"count":0,"href":"https:\/\/www.europesays.com\/pt\/wp-json\/wp\/v2\/posts\/135120\/revisions"}],"wp:featuredmedia":[{"embeddable":true,"href":"https:\/\/www.europesays.com\/pt\/wp-json\/wp\/v2\/media\/135121"}],"wp:attachment":[{"href":"https:\/\/www.europesays.com\/pt\/wp-json\/wp\/v2\/media?parent=135120"}],"wp:term":[{"taxonomy":"category","embeddable":true,"href":"https:\/\/www.europesays.com\/pt\/wp-json\/wp\/v2\/categories?post=135120"},{"taxonomy":"post_tag","embeddable":true,"href":"https:\/\/www.europesays.com\/pt\/wp-json\/wp\/v2\/tags?post=135120"}],"curies":[{"name":"wp","href":"https:\/\/api.w.org\/{rel}","templated":true}]}}