{"id":135122,"date":"2025-11-01T09:16:38","date_gmt":"2025-11-01T09:16:38","guid":{"rendered":"https:\/\/www.europesays.com\/pt\/135122\/"},"modified":"2025-11-01T09:16:38","modified_gmt":"2025-11-01T09:16:38","slug":"tribunal-italiano-chumba-projecto-para-maior-ponte-suspensa-do-mundo-italia","status":"publish","type":"post","link":"https:\/\/www.europesays.com\/pt\/135122\/","title":{"rendered":"Tribunal italiano chumba projecto para maior ponte suspensa do mundo | It\u00e1lia"},"content":{"rendered":"<p>O Tribunal de Contas italiano recusou esta semana autorizar um plano hist\u00f3rico do Governo para construir uma ponte para ligar a Sic\u00edlia ao continente \u2014 que ser\u00e1 a maior ponte suspensa do mundo \u2014, lan\u00e7ando s\u00e9rias d\u00favidas sobre a viabilidade do projecto de 13,5 mil milh\u00f5es de euros.<\/p>\n<p>J\u00e1 o ministro italiano das Infra-estruturas, Matteo Salvini, prometeu avan\u00e7ar com o projecto da ponte, mas garante que vai responder \u00e0s objec\u00e7\u00f5es do Tribunal de Contas para evitar um conflito institucional. Salvini falava ap\u00f3s uma reuni\u00e3o convocada pela primeira-ministra Giorgia Meloni para discutir a recusa do tribunal em dar luz verde o projecto.<\/p>\n<p>O tribunal ir\u00e1 apresentar as suas justifica\u00e7\u00f5es no prazo de 30 dias, mas durante uma audi\u00eancia na quarta-feira questionou a validade do concurso, originalmente realizado em 2005, apontando para um aumento dos custos projectados e criticando a condu\u00e7\u00e3o dos procedimentos.<\/p>\n<p>        &#13;<\/p>\n<p>&#13;<br \/>\n                &#13;\n            <\/p>\n<p>&#13;<\/p>\n<p>\u201cAguardamos as observa\u00e7\u00f5es do tribunal com toda a calma e estamos confiantes de que podemos responder-lhes ponto por ponto, porque cumprimos todos os regulamentos\u201d, afirmou Salvini, que fez do projecto anteriormente abandonado uma prioridade fundamental do governo.<\/p>\n<p>\u201cSe tivermos de voltar ao Conselho de Ministros no in\u00edcio de Dezembro e voltar ao Tribunal de Contas para apresentar todas as raz\u00f5es que nos levam a avan\u00e7ar, f\u00e1-lo-emos\u201d, acrescentou, dizendo que esperava por uma nova audi\u00eancia em Janeiro para permitir o in\u00edcio dos trabalhos em Fevereiro. \u201cN\u00e3o existindo qualquer conflito entre os poderes do Estado, forneceremos todas as informa\u00e7\u00f5es solicitadas.\u201d<\/p>\n<p>Salvini atenuou assim as suas pr\u00f3prias declara\u00e7\u00f5es numa entrevista ao di\u00e1rio Corriere della Sera na quinta-feira, onde acusou o tribunal de parcialidade contra o governo.<\/p>\n<p>Na sequ\u00eancia dos seus coment\u00e1rios, o tribunal emitiu uma declara\u00e7\u00e3o apelando ao respeito pelos seus ju\u00edzes e afirmou que a sua decis\u00e3o abordava apenas os aspectos jur\u00eddicos do plano, rejeitando qualquer sugest\u00e3o de parcialidade.<\/p>\n<p>Risco ambiental<\/p>\n<p>Os cr\u00edticos do projecto afirmam que a planeada ponte suspensa de 3,7 km entre <a href=\"https:\/\/www.publico.pt\/2021\/01\/21\/ciencia\/noticia\/estreito-messina-identificado-area-lixo-marinho-1947269\" rel=\"nofollow noopener\" target=\"_blank\">Messina<\/a> e a Cal\u00e1bria ser\u00e1 prejudicial para o ambiente, tendo em conta que a zona j\u00e1 sofreu terramotos devastadores no passado. O projecto tem enfrentado uma forte oposi\u00e7\u00e3o por parte daqueles que questionam a sensatez de construir uma ponte deste tipo <a href=\"https:\/\/www.publico.pt\/2018\/12\/24\/ciencia\/noticia\/vulcao-etna-acordou-regiao-italiana-abalada-p-1855815\" rel=\"nofollow noopener\" target=\"_blank\">numa zona s\u00edsmica<\/a>.<\/p>\n<p>Muitos receiam tamb\u00e9m derrapagens nos custos, poss\u00edveis danos ambientais e infiltra\u00e7\u00e3o da m\u00e1fia nos contratos de constru\u00e7\u00e3o.<\/p>\n<p>        &#13;<\/p>\n<p>&#13;<br \/>\n                &#13;\n            <\/p>\n<p>&#13;<\/p>\n<p>Alguns grupos de cidad\u00e3os que se op\u00f5em \u00e0 ponte consideram-na desnecess\u00e1ria. Em Agosto, associa\u00e7\u00f5es ambientalistas apresentaram mesmo uma queixa \u00e0 Uni\u00e3o Europeia, onde assinalaram os graves riscos para o ambiente.<\/p>\n<p>Por outro lado, a ponte tem tamb\u00e9m um forte apoio daqueles que acreditam que uma liga\u00e7\u00e3o ferrovi\u00e1ria e rodovi\u00e1ria r\u00e1pida dar\u00e1 um impulso fulcral \u00e0 Sic\u00edlia e ao resto das regi\u00f5es do sul de It\u00e1lia.<\/p>\n<p>A actual travessia de ferry demora cerca de 20 minutos, para al\u00e9m do embarque e desembarque, que podem demorar horas em per\u00edodos de hora de ponta. Os comboios de e para a Sic\u00edlia tamb\u00e9m s\u00e3o embarcados nos ferries, num processo que demora cerca de duas horas.<\/p>\n<p>Incerteza jur\u00eddica de ignorar decis\u00e3o<\/p>\n<p>O governo pode decidir ignorar a decis\u00e3o e seguir em frente, arriscando uma poss\u00edvel ac\u00e7\u00e3o judicial por parte dos muitos opositores deste <a href=\"https:\/\/www.publico.pt\/2003\/02\/19\/sociedade\/noticia\/ambientalistas-contra-construcao-de-ponte-para-ligar-sicilia-a-italia-281014\" rel=\"nofollow noopener\" target=\"_blank\">empreendimento controverso<\/a>.<\/p>\n<p>Giuliano Fonderico, professor de direito administrativo na Universidade Ca&#8217; Foscari de Veneza, explicou \u00e0 Reuters que conhecer a argumenta\u00e7\u00e3o do tribunal ser\u00e1 fundamental para eventuais ac\u00e7\u00f5es judiciais futuras.<\/p>\n<p>\u201cImaginemos que a constru\u00e7\u00e3o n\u00e3o pode ser conclu\u00edda ou que se revela muito mais cara do que o previsto. O facto de o tribunal j\u00e1 ter indicado estas circunst\u00e2ncias tornar\u00e1 mais dif\u00edcil para os respons\u00e1veis dizerem: \u2018N\u00e3o tenho culpa; n\u00e3o sabia de nada\u2019\u201d, disse \u00e0 Reuters.<\/p>\n<p>Depois de tomar conhecimento da decis\u00e3o do tribunal na quarta-feira, Georgia Meloni denunciou-a como uma manobra pol\u00edtica, num contexto de tens\u00f5es com o poder judicial devido a uma reforma radical do sistema jur\u00eddico do pa\u00eds, aprovada pelo Parlamento na quinta-feira.<\/p>\n<p>        &#13;<\/p>\n<p>&#13;<br \/>\n                &#13;\n            <\/p>\n<p>&#13;<\/p>\n<p>A ponte para a Sic\u00edlia, que tem uma popula\u00e7\u00e3o de 4,7 milh\u00f5es de habitantes, dever\u00e1 estar pronta em 2032, informou a Companhia do Estreito de Messina. O contrato tinha sido adjudicado ao cons\u00f3rcio Eurolink na sequ\u00eancia de um concurso internacional realizado h\u00e1 cerca de 20 anos atr\u00e1s. Liderado pela empresa italiana Webuild, inclui o grupo espanhol Sacyr e a empresa japonesa IHI. O custo inicial foi estimado em apenas 3,8 mil milh\u00f5es de euros.<\/p>\n","protected":false},"excerpt":{"rendered":"O Tribunal de Contas italiano recusou esta semana autorizar um plano hist\u00f3rico do Governo para construir uma ponte&hellip;\n","protected":false},"author":2,"featured_media":135123,"comment_status":"","ping_status":"","sticky":false,"template":"","format":"standard","meta":{"footnotes":""},"categories":[50],"tags":[964,785,27,28,15,16,14,233,25,26,21,22,30385,62,12,13,19,20,542,7302,23,24,7301,17,18,29,30,31,63,64,65],"class_list":{"0":"post-135122","1":"post","2":"type-post","3":"status-publish","4":"format-standard","5":"has-post-thumbnail","7":"category-mundo","8":"tag-ambiente","9":"tag-azul","10":"tag-breaking-news","11":"tag-breakingnews","12":"tag-featured-news","13":"tag-featurednews","14":"tag-headlines","15":"tag-italia","16":"tag-latest-news","17":"tag-latestnews","18":"tag-main-news","19":"tag-mainnews","20":"tag-matteo-salvini","21":"tag-mundo","22":"tag-news","23":"tag-noticias","24":"tag-noticias-principais","25":"tag-noticiasprincipais","26":"tag-para-redes","27":"tag-ponte","28":"tag-principais-noticias","29":"tag-principaisnoticias","30":"tag-sicilia","31":"tag-top-stories","32":"tag-topstories","33":"tag-ultimas","34":"tag-ultimas-noticias","35":"tag-ultimasnoticias","36":"tag-world","37":"tag-world-news","38":"tag-worldnews"},"share_on_mastodon":{"url":"https:\/\/pubeurope.com\/@pt\/115473690322387868","error":""},"_links":{"self":[{"href":"https:\/\/www.europesays.com\/pt\/wp-json\/wp\/v2\/posts\/135122","targetHints":{"allow":["GET"]}}],"collection":[{"href":"https:\/\/www.europesays.com\/pt\/wp-json\/wp\/v2\/posts"}],"about":[{"href":"https:\/\/www.europesays.com\/pt\/wp-json\/wp\/v2\/types\/post"}],"author":[{"embeddable":true,"href":"https:\/\/www.europesays.com\/pt\/wp-json\/wp\/v2\/users\/2"}],"replies":[{"embeddable":true,"href":"https:\/\/www.europesays.com\/pt\/wp-json\/wp\/v2\/comments?post=135122"}],"version-history":[{"count":0,"href":"https:\/\/www.europesays.com\/pt\/wp-json\/wp\/v2\/posts\/135122\/revisions"}],"wp:featuredmedia":[{"embeddable":true,"href":"https:\/\/www.europesays.com\/pt\/wp-json\/wp\/v2\/media\/135123"}],"wp:attachment":[{"href":"https:\/\/www.europesays.com\/pt\/wp-json\/wp\/v2\/media?parent=135122"}],"wp:term":[{"taxonomy":"category","embeddable":true,"href":"https:\/\/www.europesays.com\/pt\/wp-json\/wp\/v2\/categories?post=135122"},{"taxonomy":"post_tag","embeddable":true,"href":"https:\/\/www.europesays.com\/pt\/wp-json\/wp\/v2\/tags?post=135122"}],"curies":[{"name":"wp","href":"https:\/\/api.w.org\/{rel}","templated":true}]}}