{"id":135125,"date":"2025-11-01T09:19:13","date_gmt":"2025-11-01T09:19:13","guid":{"rendered":"https:\/\/www.europesays.com\/pt\/135125\/"},"modified":"2025-11-01T09:19:13","modified_gmt":"2025-11-01T09:19:13","slug":"ze-felipe-pede-auditoria-de-bens-apos-gastos-de-virginia-com-viagens-para-ver-vini-jr-r7-entretenimento","status":"publish","type":"post","link":"https:\/\/www.europesays.com\/pt\/135125\/","title":{"rendered":"Z\u00e9 Felipe pede auditoria de bens ap\u00f3s gastos de Virginia com viagens para ver Vini Jr. \u2013 R7 Entretenimento"},"content":{"rendered":"<p>LEIA AQUI O RESUMO DA NOT\u00cdCIA<\/p>\n<ul class=\"b-article-body-custom-embed-brief-news__list\" style=\"margin: 0; padding-left: 20px; list-style-type: disc;\">\n<li>Z\u00e9 Felipe solicita auditoria de bens ap\u00f3s separa\u00e7\u00e3o de Virginia.<\/li>\n<li>O cantor alega que Virginia tem controle exclusivo de contas e bens.<\/li>\n<li>Ele teme que o patrim\u00f4nio do casal seja utilizado de forma desproporcional.<\/li>\n<li>Ainda n\u00e3o houve pronunciamento da equipe de Virginia sobre o caso.<\/li>\n<\/ul>\n<p style=\"font-size: 0.8em; font-style: italic; text-align: right; margin-top: 15px; padding-bottom: 5px; margin-bottom: 0;\">Produzido pela Ri7a &#8211; a Intelig\u00eancia Artificial do R7<\/p>\n<p><img decoding=\"async\" data-chromatic=\"ignore\" alt=\"\" class=\"c-image\" loading=\"lazy\" src=\"https:\/\/www.europesays.com\/pt\/wp-content\/uploads\/2025\/11\/XCHCD4OUGBGJ3EKICCMBBQJE7U.jpg\"  width=\"1920\" height=\"1080\"\/>Z\u00e9 Felipe pediu \u00e0 Justi\u00e7a investiga\u00e7\u00e3o sobre o uso do patrim\u00f4nio comum com Virginia Reprodu\u00e7\u00e3o\/Instagram\/@zefelipe\/@virginia <\/p>\n<p class=\"jarvics:base-text-neutral-high-400 base-text-[calc(theme(fontSize.xs)_*_var(--font-size,_1))] base-font-normal base-font-primary base-text-neutral-low-500 base-text-left\">Parece que a paz entre <a href=\"https:\/\/entretenimento.r7.com\/prisma\/fabiola-reipert\/ze-felipe-mata-a-saudade-de-ana-castela-e-mostra-momento-intimo-28102025\/\" target=\"_blank\" rel=\"noreferrer nofollow noopener\" title=\"https:\/\/entretenimento.r7.com\/prisma\/fabiola-reipert\/ze-felipe-mata-a-saudade-de-ana-castela-e-mostra-momento-intimo-28102025\/\"><b>Z\u00e9 Felipe<\/b><\/a> e <a href=\"https:\/\/entretenimento.r7.com\/prisma\/fabiola-reipert\/virginia-posta-foto-beijando-vini-jr-apos-anuncio-de-namoro-28102025\/\" target=\"_blank\" rel=\"noreferrer nofollow noopener\" title=\"https:\/\/entretenimento.r7.com\/prisma\/fabiola-reipert\/virginia-posta-foto-beijando-vini-jr-apos-anuncio-de-namoro-28102025\/\"><b>Virginia<\/b><\/a> ficou s\u00f3 nas redes sociais, viu? \ud83d\udc40<\/p>\n<p class=\"jarvics:base-text-neutral-high-400 base-text-[calc(theme(fontSize.xs)_*_var(--font-size,_1))] base-font-normal base-font-primary base-text-neutral-low-500 base-text-left\">Segundo documentos apresentados \u00e0 Justi\u00e7a aos quais o <a href=\"https:\/\/entretenimento.r7.com\/prisma\/fabiola-reipert\/\" target=\"_blank\" rel=\"noreferrer nofollow noopener\" title=\"https:\/\/entretenimento.r7.com\/prisma\/fabiola-reipert\/\"><b>Blog da Fab\u00edola Reipert<\/b><\/a> teve acesso, o cantor fez um pedido urgente para o Tribunal de Goi\u00e1s acelerar o processo e <a href=\"https:\/\/entretenimento.r7.com\/prisma\/fabiola-reipert\/ze-felipe-entra-na-justica-pedindo-partilha-de-bens-e-exige-investigacao-de-tudo-que-virginia-possui-30072025\/\" target=\"_blank\" rel=\"nofollow noopener\" title=\"https:\/\/entretenimento.r7.com\/prisma\/fabiola-reipert\/ze-felipe-entra-na-justica-pedindo-partilha-de-bens-e-exige-investigacao-de-tudo-que-virginia-possui-30072025\/\"><b>investigar contas e empresas que compartilhava com a \u201cinfluenciadora\u201d<\/b><\/a>, com quem revela n\u00e3o ter tido um acordo.<\/p>\n<p class=\"jarvics:base-text-neutral-high-400 base-text-[calc(theme(fontSize.xs)_*_var(--font-size,_1))] base-font-normal base-font-primary base-text-neutral-low-500 base-text-left\">E o motivo? Ele quer saber sobre o dinheiro que estaria sendo movimentado sem ele desde a <a href=\"https:\/\/entretenimento.r7.com\/prisma\/fabiola-reipert\/video\/nao-tem-volta-ze-felipe-da-entrada-no-divorcio-com-virginia-fonseca-26062025\/\" target=\"_blank\" rel=\"noreferrer nofollow noopener\" title=\"https:\/\/entretenimento.r7.com\/prisma\/fabiola-reipert\/video\/nao-tem-volta-ze-felipe-da-entrada-no-divorcio-com-virginia-fonseca-26062025\/\"><b>separa\u00e7\u00e3o<\/b><\/a>.<\/p>\n<p class=\"jarvics:base-text-neutral-high-400 base-text-[calc(theme(fontSize.xs)_*_var(--font-size,_1))] base-font-normal base-font-primary base-text-neutral-low-500 base-text-left\">Nos documentos, a defesa de Z\u00e9 Felipe afirma que Virginia tem controle exclusivo de valores expressivos em contas banc\u00e1rias e aplica\u00e7\u00f5es. <\/p>\n<p class=\"jarvics:base-text-neutral-high-400 base-text-[calc(theme(fontSize.xs)_*_var(--font-size,_1))] base-font-normal base-font-primary base-text-neutral-low-500 base-text-left\">O sertanejo pede uma varredura completa nas contas e empresas ligadas \u00e0 ex-mulher, al\u00e9m de buscas por im\u00f3veis, ve\u00edculos, investimentos, at\u00e9 criptomoedas e a\u00e7\u00f5es na bolsa. A inten\u00e7\u00e3o \u00e9 garantir o levantamento total do patrim\u00f4nio para ser dividido entre os dois.<\/p>\n<p class=\"jarvics:base-text-neutral-high-400 base-text-[calc(theme(fontSize.xs)_*_var(--font-size,_1))] base-font-normal base-font-primary base-text-neutral-low-500 base-text-left\">Nos pap\u00e9is, Z\u00e9 afirma que Virginia estaria comandando tudo sozinha desde maio e usando o patrim\u00f4nio comum \u201cde forma desproporcional e em benef\u00edcio pr\u00f3prio\u201d.<\/p>\n<p>Viagens para a Europa<\/p>\n<p class=\"jarvics:base-text-neutral-high-400 base-text-[calc(theme(fontSize.xs)_*_var(--font-size,_1))] base-font-normal base-font-primary base-text-neutral-low-500 base-text-left\">O sertanejo ainda usou como exemplo a <a href=\"https:\/\/entretenimento.r7.com\/prisma\/fabiola-reipert\/video\/vini-jr-na-area-virginia-fonseca-viaja-tres-vezes-em-um-mes-para-madri-na-espanha-01102025\/\" target=\"_blank\" rel=\"noreferrer nofollow noopener\" title=\"https:\/\/entretenimento.r7.com\/prisma\/fabiola-reipert\/video\/vini-jr-na-area-virginia-fonseca-viaja-tres-vezes-em-um-mes-para-madri-na-espanha-01102025\/\"><b>viagem da \u201cinfluenciadora\u201d com amigos para a Europa<\/b><\/a> \u2014 aquela em que ela fingiu que n\u00e3o tinha ido ver Vini Jr. Ele sugere que \u201cEurotrip\u201d teria sido bancada com o dinheiro que, teoricamente, seria dos dois.<\/p>\n<p class=\"jarvics:base-text-neutral-high-400 base-text-[calc(theme(fontSize.xs)_*_var(--font-size,_1))] base-font-normal base-font-primary base-text-neutral-low-500 base-text-left\">O medo de Z\u00e9 Felipe \u00e9 que o patrim\u00f4nio do casal seja \u201cdilapidado\u201d, ou seja, que o dinheiro v\u00e1 embora sem controle. Por isso, ele quer uma auditoria urgente nas contas banc\u00e1rias, investimentos e empresas.<\/p>\n<p class=\"jarvics:base-text-neutral-high-400 base-text-[calc(theme(fontSize.xs)_*_var(--font-size,_1))] base-font-normal base-font-primary base-text-neutral-low-500 base-text-left\">Nos tribunais, ele solicitou:<\/p>\n<ul class=\"b-article-body__list-unordered\">\n<li>Fim da pausa no processo<\/li>\n<li>Avalia\u00e7\u00e3o imediata do caso<\/li>\n<li>Auditoria nas contas e bens compartilhados<\/li>\n<\/ul>\n<p class=\"jarvics:base-text-neutral-high-400 base-text-[calc(theme(fontSize.xs)_*_var(--font-size,_1))] base-font-normal base-font-primary base-text-neutral-low-500 base-text-left\">At\u00e9 o momento, a equipe de Virginia ainda n\u00e3o se manifestou sobre as novas movimenta\u00e7\u00f5es judiciais.<\/p>\n<p class=\"jarvics:base-text-neutral-high-400 base-text-[calc(theme(fontSize.xs)_*_var(--font-size,_1))] base-font-normal base-font-primary base-text-neutral-low-500 base-text-left\">Xiii&#8230;<\/p>\n<p><video controls=\"\" class=\"video-js\" preload=\"metadata\" poster=\"https:\/\/d22yf0mxeu0gma.cloudfront.net\/10-31-2025\/t_7500bd07f1384e62b1ca905f4d9df687_name_signal_2025_10_31_160135_009.jpeg\" title=\"Z&#xE9; Felipe pede investiga&#xE7;&#xE3;o dos gastos, im&#xF3;veis, ve&#xED;culos e at&#xE9; investimentos de Virginia Fonseca\" data-sprite-url=\"\" data-metadata=\"{&quot;title&quot;:&quot;Z&#xE9; Felipe pede investiga&#xE7;&#xE3;o dos gastos, im&#xF3;veis, ve&#xED;culos e at&#xE9; investimentos de Virginia Fonseca&quot;,&quot;sectionName&quot;:&quot;R7&quot;,&quot;mainSection&quot;:&quot;Fab&#xED;ola Reipert&quot;,&quot;subSection&quot;:&quot;&quot;,&quot;views&quot;:&quot;&quot;,&quot;disableAdv&quot;:&quot;false&quot;,&quot;createdDate&quot;:&quot;2025-10-31T19:09:01Z&quot;,&quot;mainSectionUrl&quot;:&quot;https:\/\/entretenimento.r7.com\/prisma\/fabiola-reipert\/video\/ze-felipe-pede-investigacao-dos-gastos-imoveis-veiculos-e-ate-investimentos-de-virginia-fonseca-31102025\/&quot;,&quot;sectionPath&quot;:&quot;https:\/\/entretenimento.r7.com\/prisma\/fabiola-reipert&quot;,&quot;ageRating&quot;:&quot;&quot;,&quot;ageRatingDescription&quot;:&quot;&quot;,&quot;duration&quot;:254037,&quot;playerUrl&quot;:&quot;https:\/\/entretenimento.r7.com\/player\/6dfb9f20-d9a1-418c-a40a-fb309e0adaab\/&quot;}\" data-player-params=\"{&quot;p&quot;:&quot;true&quot;,&quot;autoPlay&quot;:&quot;false&quot;,&quot;logo&quot;:&quot;true&quot;,&quot;playlistId&quot;:&quot;false&quot;,&quot;calhau&quot;:&quot;false&quot;,&quot;share&quot;:&quot;true&quot;,&quot;sz&quot;:&quot;false&quot;,&quot;full&quot;:&quot;true&quot;,&quot;customAdHash&quot;:&quot;\/7542\/blog\/fabiolareipert&quot;,&quot;referrerUrl&quot;:&quot;&quot;,&quot;externalLinks&quot;:&quot;true&quot;,&quot;debug&quot;:&quot;false&quot;,&quot;debugHash&quot;:&quot;false&quot;,&quot;debugRelated&quot;:&quot;false&quot;,&quot;timerRelated&quot;:&quot;true&quot;,&quot;logoRecord&quot;:&quot;false&quot;,&quot;contextModal&quot;:&quot;false&quot;,&quot;parentUrl&quot;:&quot;https:\/\/record.r7.com\/&quot;,&quot;t&quot;:&quot;0&quot;,&quot;noTitle&quot;:false,&quot;endBehavior&quot;:&quot;default&quot;}\" data-related-videos=\"[{&quot;title&quot;:&quot;Caio Blat come&#xE7;a novo relacionamento, mas quer esconder a identidade da namorada&quot;,&quot;thumb&quot;:&quot;https:\/\/d22yf0mxeu0gma.cloudfront.net\/10-31-2025\/t_b303b6cf13954470a269d9e648834259_name_signal_2025_10_31_160135_008.jpeg&quot;,&quot;url&quot;:&quot;https:\/\/entretenimento.r7.com\/prisma\/fabiola-reipert\/video\/caio-blat-comeca-novo-relacionamento-mas-quer-esconder-a-identidade-da-namorada-31102025\/&quot;,&quot;embedUrl&quot;:&quot;https:\/\/entretenimento.r7.com\/player\/5a7550a7-35ca-4d5f-a323-0bb763e60308\/&quot;},{&quot;title&quot;:&quot;Ator de &#x2018;Truque de Mestre&#x2019; revela que vai doar rim para desconhecido nos EUA&quot;,&quot;thumb&quot;:&quot;https:\/\/d22yf0mxeu0gma.cloudfront.net\/10-31-2025\/t_c4511829a3b142e58e97ff72915dd58c_name_signal_2025_10_31_160135_006.jpeg&quot;,&quot;url&quot;:&quot;https:\/\/entretenimento.r7.com\/prisma\/fabiola-reipert\/video\/ator-de-truque-de-mestre-revela-que-vai-doar-rim-para-desconhecido-nos-eua-31102025\/&quot;,&quot;embedUrl&quot;:&quot;https:\/\/entretenimento.r7.com\/player\/0fbfa161-5a66-46e8-912c-4e12aa6d7928\/&quot;},{&quot;title&quot;:&quot;Cristiano Ronaldo d&#xE1; carro de R$ 3 milh&#xF5;es para filho menor de idade&quot;,&quot;thumb&quot;:&quot;https:\/\/d22yf0mxeu0gma.cloudfront.net\/10-31-2025\/t_5873338d8fde4b278334f8c485ec5dc6_name_signal_2025_10_31_160135_007.jpeg&quot;,&quot;url&quot;:&quot;https:\/\/entretenimento.r7.com\/prisma\/fabiola-reipert\/video\/cristiano-ronaldo-da-carro-de-r-3-milhoes-para-filho-menor-de-idade-31102025\/&quot;,&quot;embedUrl&quot;:&quot;https:\/\/entretenimento.r7.com\/player\/9ce313e8-769d-4907-8a8b-2737b1ea24e6\/&quot;}]\" data-player-url=\"https:\/\/entretenimento.r7.com\/player\/6dfb9f20-d9a1-418c-a40a-fb309e0adaab\/\" data-arc-video=\"\" data-arc-id=\"6dfb9f20-d9a1-418c-a40a-fb309e0adaab\" data-short=\"false\" style=\"visibility:hidden\"><\/video><\/p>\n<p class=\"jarvics:base-text-neutral-high-400 base-text-[calc(theme(fontSize.xs)_*_var(--font-size,_1))] base-font-normal base-font-primary base-text-neutral-low-500 base-text-left\">\u2705<b>Para saber tudo do mundo dos famosos, <\/b><a href=\"https:\/\/whatsapp.com\/channel\/0029Va9UfKcHQbRyCyhPt71R\" rel=\"nofollow noopener\" target=\"_blank\"><b>siga o canal de entretenimento do R7<\/b><\/a><b>, o portal de not\u00edcias da Record, no WhatsApp<\/b><\/p>\n<p>Os textos aqui publicados <strong>n\u00e3o refletem<\/strong> necessariamente a opini\u00e3o do<strong> Grupo Record<\/strong>.<\/p>\n","protected":false},"excerpt":{"rendered":"LEIA AQUI O RESUMO DA NOT\u00cdCIA Z\u00e9 Felipe solicita auditoria de bens ap\u00f3s separa\u00e7\u00e3o de Virginia. O cantor&hellip;\n","protected":false},"author":2,"featured_media":135126,"comment_status":"","ping_status":"","sticky":false,"template":"","format":"standard","meta":{"footnotes":""},"categories":[145],"tags":[4552,211,210,114,115,3034,32,33,973,1445],"class_list":{"0":"post-135125","1":"post","2":"type-post","3":"status-publish","4":"format-standard","5":"has-post-thumbnail","7":"category-celebridades","8":"tag-a-hora-da-venenosa","9":"tag-celebridades","10":"tag-celebrities","11":"tag-entertainment","12":"tag-entretenimento","13":"tag-famosos-e-celebridades","14":"tag-portugal","15":"tag-pt","16":"tag-virginia","17":"tag-ze-felipe"},"share_on_mastodon":{"url":"https:\/\/pubeurope.com\/@pt\/115473702392665689","error":""},"_links":{"self":[{"href":"https:\/\/www.europesays.com\/pt\/wp-json\/wp\/v2\/posts\/135125","targetHints":{"allow":["GET"]}}],"collection":[{"href":"https:\/\/www.europesays.com\/pt\/wp-json\/wp\/v2\/posts"}],"about":[{"href":"https:\/\/www.europesays.com\/pt\/wp-json\/wp\/v2\/types\/post"}],"author":[{"embeddable":true,"href":"https:\/\/www.europesays.com\/pt\/wp-json\/wp\/v2\/users\/2"}],"replies":[{"embeddable":true,"href":"https:\/\/www.europesays.com\/pt\/wp-json\/wp\/v2\/comments?post=135125"}],"version-history":[{"count":0,"href":"https:\/\/www.europesays.com\/pt\/wp-json\/wp\/v2\/posts\/135125\/revisions"}],"wp:featuredmedia":[{"embeddable":true,"href":"https:\/\/www.europesays.com\/pt\/wp-json\/wp\/v2\/media\/135126"}],"wp:attachment":[{"href":"https:\/\/www.europesays.com\/pt\/wp-json\/wp\/v2\/media?parent=135125"}],"wp:term":[{"taxonomy":"category","embeddable":true,"href":"https:\/\/www.europesays.com\/pt\/wp-json\/wp\/v2\/categories?post=135125"},{"taxonomy":"post_tag","embeddable":true,"href":"https:\/\/www.europesays.com\/pt\/wp-json\/wp\/v2\/tags?post=135125"}],"curies":[{"name":"wp","href":"https:\/\/api.w.org\/{rel}","templated":true}]}}