{"id":135146,"date":"2025-11-01T09:41:07","date_gmt":"2025-11-01T09:41:07","guid":{"rendered":"https:\/\/www.europesays.com\/pt\/135146\/"},"modified":"2025-11-01T09:41:07","modified_gmt":"2025-11-01T09:41:07","slug":"composicao-corporal-influencia-a-sobrevida-de-pacientes-com-cancer","status":"publish","type":"post","link":"https:\/\/www.europesays.com\/pt\/135146\/","title":{"rendered":"Composi\u00e7\u00e3o corporal influencia a sobrevida de pacientes com c\u00e2ncer"},"content":{"rendered":"<p>\t\t\tComposi\u00e7\u00e3o corporal influencia a sobrevida de pacientes com c\u00e2ncer\t\t<\/p>\n<p>\tComposi\u00e7\u00e3o corporal influencia a sobrevida de pacientes com c\u00e2ncer<\/p>\n","protected":false},"excerpt":{"rendered":"Composi\u00e7\u00e3o corporal influencia a sobrevida de pacientes com c\u00e2ncer Composi\u00e7\u00e3o corporal influencia a sobrevida de pacientes com c\u00e2ncer\n","protected":false},"author":2,"featured_media":135147,"comment_status":"","ping_status":"","sticky":false,"template":"","format":"standard","meta":{"footnotes":""},"categories":[86],"tags":[116,32,33,117],"class_list":{"0":"post-135146","1":"post","2":"type-post","3":"status-publish","4":"format-standard","5":"has-post-thumbnail","7":"category-saude","8":"tag-health","9":"tag-portugal","10":"tag-pt","11":"tag-saude"},"share_on_mastodon":{"url":"https:\/\/pubeurope.com\/@pt\/115473788723146280","error":""},"_links":{"self":[{"href":"https:\/\/www.europesays.com\/pt\/wp-json\/wp\/v2\/posts\/135146","targetHints":{"allow":["GET"]}}],"collection":[{"href":"https:\/\/www.europesays.com\/pt\/wp-json\/wp\/v2\/posts"}],"about":[{"href":"https:\/\/www.europesays.com\/pt\/wp-json\/wp\/v2\/types\/post"}],"author":[{"embeddable":true,"href":"https:\/\/www.europesays.com\/pt\/wp-json\/wp\/v2\/users\/2"}],"replies":[{"embeddable":true,"href":"https:\/\/www.europesays.com\/pt\/wp-json\/wp\/v2\/comments?post=135146"}],"version-history":[{"count":0,"href":"https:\/\/www.europesays.com\/pt\/wp-json\/wp\/v2\/posts\/135146\/revisions"}],"wp:featuredmedia":[{"embeddable":true,"href":"https:\/\/www.europesays.com\/pt\/wp-json\/wp\/v2\/media\/135147"}],"wp:attachment":[{"href":"https:\/\/www.europesays.com\/pt\/wp-json\/wp\/v2\/media?parent=135146"}],"wp:term":[{"taxonomy":"category","embeddable":true,"href":"https:\/\/www.europesays.com\/pt\/wp-json\/wp\/v2\/categories?post=135146"},{"taxonomy":"post_tag","embeddable":true,"href":"https:\/\/www.europesays.com\/pt\/wp-json\/wp\/v2\/tags?post=135146"}],"curies":[{"name":"wp","href":"https:\/\/api.w.org\/{rel}","templated":true}]}}