{"id":135156,"date":"2025-11-01T09:53:15","date_gmt":"2025-11-01T09:53:15","guid":{"rendered":"https:\/\/www.europesays.com\/pt\/135156\/"},"modified":"2025-11-01T09:53:15","modified_gmt":"2025-11-01T09:53:15","slug":"fez-se-passar-por-cantor-ze-amaro-e-burlou-250-mil-euros-observador","status":"publish","type":"post","link":"https:\/\/www.europesays.com\/pt\/135156\/","title":{"rendered":"Fez-se passar por cantor Z\u00e9 Amaro e burlou 250 mil euros \u2013 Observador"},"content":{"rendered":"<p>Suspeito e v\u00edtima conheceram-se nas redes sociais e foi pela Internet que durante cerca de tr\u00eas anos desenvolveram uma rela\u00e7\u00e3o afetiva. Desde 2022, a mulher de 65 anos transferiu mais de 250 mil euros para o homem que julgava ser um \u201cartista conhecido\u201d. Afinal, era um burl\u00e3o de 45 anos que foi detido em flagrante pela Pol\u00edcia Judici\u00e1ria no Aeroporto Francisco S\u00e1 Carneiro, na Maia.<\/p>\n<p>Atrav\u00e9s da conhecida \u201cBurla do Amor\u201d, o detido fez-se passar pelo conhecido cantor Z\u00e9 Amaro para iniciar as conversas e desenvolver uma rela\u00e7\u00e3o de confian\u00e7a com a v\u00edtima. Ao longo do tempo em que duraram as trocas de mensagens, a mulher enviou dinheiro atrav\u00e9s de transfer\u00eancias banc\u00e1rias, comprou cart\u00f5es de criptomoedas e at\u00e9 entregou dinheiro, pessoalmente, a um alegado representante do artista.<\/p>\n<p>A dada altura, a mulher come\u00e7ou a desconfiar e acabou por alertar as autoridades. Ap\u00f3s investiga\u00e7\u00e3o, a PJ percebeu o que estaria em causa e intercetou e deteve o suspeito quando este tinha acabado de chegar ao Porto, vindo de Fran\u00e7a, para receber mais\u00a0mais 25 mil euros da v\u00edtima. O homem \u00e9\u00a0suspeito da pr\u00e1tica de crimes de burla qualificada, branqueamento e associa\u00e7\u00e3o criminosa. \u201cNo decurso da deten\u00e7\u00e3o foram apreendidos diversos equipamentos telef\u00f3nicos, bem como outros elementos de prova relevantes\u201d.<\/p>\n<p>O detido vai ser presente \u00e0 autoridade judici\u00e1ria competente para primeiro interrogat\u00f3rio e aplica\u00e7\u00e3o das medidas de coa\u00e7\u00e3o tidas por adequadas.<\/p>\n<p>        <img src=\"https:\/\/www.europesays.com\/pt\/wp-content\/uploads\/2025\/11\/568255817-1404698867685875-1160783572312365918-n-e1761927605539.jpg\" alt=\"\" loading=\"lazy\" decoding=\"async\" class=\"\" onload=\"this.parentElement.classList.remove('spinner')\" onerror=\"this.parentElement.classList.remove('spinner')\" width=\"1440\" height=\"1092\"\/>    <\/p>\n<p class=\"wp-caption-text\">O cantor Z\u00e9 Amaro<\/p>\n<p>Z\u00e9 Amaro considera-se \u201cpioneiro\u201d do Country em Portugal e soma centenas de milhares de seguidores nas redes sociais. O artista iniciou recentemente a tour \u201cCowboy Portugu\u00eas\u201d que passou n\u00e3o s\u00f3 por dezenas de localidades portuguesas, mas tamb\u00e9m por Sydney, Toulouse e Genebra. No m\u00eas passado, lan\u00e7ou a can\u00e7\u00e3o \u201cFicar \u00d3ai\u201d com os D.A.M.A.<\/p>\n<p>A <a href=\"https:\/\/www.policiajudiciaria.pt\/wp-content\/uploads\/2018\/10\/pt_0-6.pdf\" rel=\"nofollow noopener\" target=\"_blank\">PJ alerta as pessoas<\/a> para duvidarem de utilizadores das redes sociais que depois de conseguirem a confian\u00e7a, come\u00e7am a pedir dinheiro, presentes e dados das contas banc\u00e1rias. \u201cSe n\u00e3o mandar dinheiro podem tentar a chantagem. Se mandar, v\u00e3o pedir mais\u201d. Se for v\u00edtima de um ataque destes, a PJ lembra que n\u00e3o deve ter vergonha e, al\u00e9m de parar \u201cde imediato\u201d os contactos, deve guardar as mensagens trocadas e fazer queixa \u00e0s autoridades.<\/p>\n<p><strong>[Chegou\u00a0<\/strong><b>o hist\u00f3rico debate entre Soares e Freitas. E o socialista j\u00e1 conseguiu o voto dos\u00a0<\/b><b>comunistas sem \u201colhar para\u00a0o retrato\u201d dele<\/b>.\u00a0<strong>A\u00a0<a href=\"https:\/\/observador.pt\/programas\/a-eleio-mais-louca-de-sempre\/episodio-5-uma-armadilha-em-direto\/\" rel=\"nofollow noopener\" target=\"_blank\">\u201cElei\u00e7\u00e3o Mais Louca de Sempre\u201d<\/a>\u00a0\u00e9 o novo Podcast Plus do Observador sobre as Presidenciais de 1986. Uma s\u00e9rie narrada pelo ator Gon\u00e7alo Waddington, com banda sonora original de Samuel \u00daria. Pode ouvir\u00a0<a href=\"https:\/\/observador.pt\/programas\/a-eleio-mais-louca-de-sempre\/episodio-5-uma-armadilha-em-direto\/\" rel=\"nofollow noopener\" target=\"_blank\">aqui<\/a>, no\u00a0Observador, e tamb\u00e9m na\u00a0<a href=\"https:\/\/podcasts.apple.com\/pt\/podcast\/epis%C3%B3dio-5-uma-armadilha-em-direto\/id1841273464?i=1000733759807\" rel=\"nofollow noopener\" target=\"_blank\">Apple Podcasts<\/a>, no\u00a0<a href=\"https:\/\/open.spotify.com\/episode\/28mDVafMTtrt5QAwWYdye2?si=c6e9dabb29734f15\" rel=\"nofollow noopener\" target=\"_blank\">Spotify<\/a>\u00a0e no\u00a0<a href=\"https:\/\/music.youtube.com\/watch?v=78x1Dlhn7v4&amp;si=O1yv2xMDjId6CreQ\" rel=\"nofollow noopener\" target=\"_blank\">Youtube Music<\/a>. E pode ouvir o primeiro epis\u00f3dio\u00a0<a href=\"https:\/\/observador.pt\/programas\/a-eleio-mais-louca-de-sempre\/estreia-a-eleicao-mais-louca-de-sempre-episodio-1-apostamos-no-cavalo-errado\/\" target=\"_blank\" rel=\"noopener nofollow\">aqui<\/a>,\u00a0o segundo\u00a0<a href=\"https:\/\/observador.pt\/programas\/a-eleio-mais-louca-de-sempre\/episodio-2-uma-traicao-inesperada\/\" target=\"_blank\" rel=\"noopener nofollow\">aqui<\/a>,\u00a0o terceiro\u00a0<a href=\"https:\/\/observador.pt\/programas\/a-eleio-mais-louca-de-sempre\/episodio-3-ele-nao-e-meu-irmao\/\" rel=\"nofollow noopener\" target=\"_blank\">aqui<\/a>\u00a0e o\u00a0<a href=\"https:\/\/observador.pt\/programas\/a-eleio-mais-louca-de-sempre\/episodio-4-portugal-nao-e-moscovo\/\" rel=\"nofollow noopener\" target=\"_blank\">quarto<\/a>\u00a0aqui]<\/strong><\/p>\n<p><a href=\"https:\/\/observador.pt\/programas\/a-eleio-mais-louca-de-sempre\/episodio-5-uma-armadilha-em-direto\/\" target=\"_blank\" rel=\"noopener nofollow\"><\/p>\n<p>        <img src=\"https:\/\/www.europesays.com\/pt\/wp-content\/uploads\/2025\/10\/1761878958_488_770-a-eleicao-mais-louca-de-sempre-playicon.png\" alt=\"\" loading=\"lazy\" decoding=\"async\" class=\"gmail-CToWUd alignnone\" onload=\"this.parentElement.classList.remove('spinner')\" onerror=\"this.parentElement.classList.remove('spinner')\" width=\"770\" height=\"433\"\/>    <\/p>\n<p><\/a><\/p>\n","protected":false},"excerpt":{"rendered":"Suspeito e v\u00edtima conheceram-se nas redes sociais e foi pela Internet que durante cerca de tr\u00eas anos desenvolveram&hellip;\n","protected":false},"author":2,"featured_media":135157,"comment_status":"","ping_status":"","sticky":false,"template":"","format":"standard","meta":{"footnotes":""},"categories":[145],"tags":[5015,211,210,604,114,115,549,300,3918,32,33,548,58,110],"class_list":{"0":"post-135156","1":"post","2":"type-post","3":"status-publish","4":"format-standard","5":"has-post-thumbnail","7":"category-celebridades","8":"tag-burla","9":"tag-celebridades","10":"tag-celebrities","11":"tag-crime","12":"tag-entertainment","13":"tag-entretenimento","14":"tag-internet","15":"tag-justiu00e7a","16":"tag-polu00edcia-judiciu00e1ria","17":"tag-portugal","18":"tag-pt","19":"tag-redes-sociais","20":"tag-sociedade","21":"tag-tecnologia"},"share_on_mastodon":{"url":"https:\/\/pubeurope.com\/@pt\/115473836036728910","error":""},"_links":{"self":[{"href":"https:\/\/www.europesays.com\/pt\/wp-json\/wp\/v2\/posts\/135156","targetHints":{"allow":["GET"]}}],"collection":[{"href":"https:\/\/www.europesays.com\/pt\/wp-json\/wp\/v2\/posts"}],"about":[{"href":"https:\/\/www.europesays.com\/pt\/wp-json\/wp\/v2\/types\/post"}],"author":[{"embeddable":true,"href":"https:\/\/www.europesays.com\/pt\/wp-json\/wp\/v2\/users\/2"}],"replies":[{"embeddable":true,"href":"https:\/\/www.europesays.com\/pt\/wp-json\/wp\/v2\/comments?post=135156"}],"version-history":[{"count":0,"href":"https:\/\/www.europesays.com\/pt\/wp-json\/wp\/v2\/posts\/135156\/revisions"}],"wp:featuredmedia":[{"embeddable":true,"href":"https:\/\/www.europesays.com\/pt\/wp-json\/wp\/v2\/media\/135157"}],"wp:attachment":[{"href":"https:\/\/www.europesays.com\/pt\/wp-json\/wp\/v2\/media?parent=135156"}],"wp:term":[{"taxonomy":"category","embeddable":true,"href":"https:\/\/www.europesays.com\/pt\/wp-json\/wp\/v2\/categories?post=135156"},{"taxonomy":"post_tag","embeddable":true,"href":"https:\/\/www.europesays.com\/pt\/wp-json\/wp\/v2\/tags?post=135156"}],"curies":[{"name":"wp","href":"https:\/\/api.w.org\/{rel}","templated":true}]}}