{"id":135160,"date":"2025-11-01T10:02:24","date_gmt":"2025-11-01T10:02:24","guid":{"rendered":"https:\/\/www.europesays.com\/pt\/135160\/"},"modified":"2025-11-01T10:02:24","modified_gmt":"2025-11-01T10:02:24","slug":"marvel-muda-altura-do-wolverine-nos-quadrinhos-apos-51-anos","status":"publish","type":"post","link":"https:\/\/www.europesays.com\/pt\/135160\/","title":{"rendered":"Marvel &#8220;muda&#8221; altura do Wolverine nos quadrinhos ap\u00f3s 51 anos"},"content":{"rendered":"<p class=\"wp-block-yoast-seo-estimated-reading-time yoast-reading-time__wrapper\">Estimated reading time: 2 minutos<\/p>\n<p>A <strong>Marvel Comics<\/strong> surpreendeu ao <strong>&#8220;mudar&#8221;<\/strong> oficialmente a altura can\u00f4nica do <a href=\"https:\/\/ovicio.com.br\/tag\/wolverine\/\" rel=\"nofollow noopener\" target=\"_blank\">Wolverine<\/a>, conhecido h\u00e1 51 anos por sua baixa estatura de 1,60m.<\/p>\n<p>No entanto, essa mudan\u00e7a dr\u00e1stica vem com uma reviravolta: trata-se de um personagem totalmente novo assumindo o manto.<\/p>\n<p>A novidade foi apresentada em <strong>O \u00daltimo Wolverine #1<\/strong>, escrita por <strong>Saladin Ahmed<\/strong> e com arte de <strong>Edgar Salazar<\/strong>.<\/p>\n<p>A edi\u00e7\u00e3o introduz <strong>Leonard<\/strong>, o <strong>&#8220;Wolverine Maravilhoso&#8221;<\/strong>.<\/p>\n<p>Ambientada dez anos no futuro, durante o evento <strong>Era da Revela\u00e7\u00e3o<\/strong>, a hist\u00f3ria mostra que o <strong>Logan<\/strong> original sofreu uma lavagem cerebral e se tornou um assassino conhecido como <strong>Anjo da Morte<\/strong>.<\/p>\n<p>Seu ex-protegido, <strong>Leonard<\/strong>, um <strong>Wendigo<\/strong> que aprendeu a controlar sua f\u00faria, adota o nome de seu mentor para manter vivo o legado heroico.<\/p>\n<p><img fetchpriority=\"high\" decoding=\"async\" width=\"1024\" height=\"776\" src=\"https:\/\/www.europesays.com\/pt\/wp-content\/uploads\/2025\/11\/20251025-new-wolverine-is-eight-foot-tall-1024x776.webp.webp\" alt=\"O (muito alto) &quot;novo&quot; Wolverine dos quadrinhos\" class=\"lazyload wp-image-847264\"  data-\/>Reprodu\u00e7\u00e3o: Marvel<\/p>\n<p>Conforme relatado pelo <a href=\"https:\/\/screenrant.com\/new-wolverine-height-change-official\/\" target=\"_blank\" rel=\"noreferrer noopener nofollow\">Screen Rant<\/a>, este novo <strong>Wolverine<\/strong> \u00e9 o oposto f\u00edsico de <strong>Logan<\/strong>.<\/p>\n<p>Enquanto o original \u00e9 baixo e atarracado, <strong>Leonard<\/strong> tem impressionantes 2,4 metros de altura.<\/p>\n<p>Al\u00e9m disso, sua personalidade \u00e9 alegre e otimista, contrastando fortemente com o anti-her\u00f3i rabugento que os f\u00e3s conhecem.<\/p>\n<p>A altura ic\u00f4nica de <strong>Logan<\/strong> (1,60m) sempre foi uma parte fundamental de sua caracteriza\u00e7\u00e3o nos quadrinhos, refletindo seu hom\u00f4nimo animal (o carcaju), que \u00e9 pequeno, mas feroz o suficiente para enfrentar oponentes muito maiores.<\/p>\n<p>Embora <strong>Logan <\/strong>provavelmente retorne ao papel eventualmente, por enquanto, o t\u00edtulo de <strong>Wolverine <\/strong>pertence a um gigante.<\/p>\n<p><strong>O \u00daltimo Wolverine #1<\/strong> j\u00e1 est\u00e1 dispon\u00edvel nas lojas especializadas de quadrinhos dos Estados Unidos.<\/p>\n<p>Leia tamb\u00e9m sobre Wolverine:<\/p>\n","protected":false},"excerpt":{"rendered":"Estimated reading time: 2 minutos A Marvel Comics surpreendeu ao &#8220;mudar&#8221; oficialmente a altura can\u00f4nica do Wolverine, conhecido&hellip;\n","protected":false},"author":2,"featured_media":135161,"comment_status":"","ping_status":"","sticky":false,"template":"","format":"standard","meta":{"footnotes":""},"categories":[140],"tags":[114,115,147,148,792,146,32,33,8106],"class_list":{"0":"post-135160","1":"post","2":"type-post","3":"status-publish","4":"format-standard","5":"has-post-thumbnail","7":"category-filmes","8":"tag-entertainment","9":"tag-entretenimento","10":"tag-film","11":"tag-filmes","12":"tag-marvel","13":"tag-movies","14":"tag-portugal","15":"tag-pt","16":"tag-wolverine"},"share_on_mastodon":{"url":"https:\/\/pubeurope.com\/@pt\/115473872059876686","error":""},"_links":{"self":[{"href":"https:\/\/www.europesays.com\/pt\/wp-json\/wp\/v2\/posts\/135160","targetHints":{"allow":["GET"]}}],"collection":[{"href":"https:\/\/www.europesays.com\/pt\/wp-json\/wp\/v2\/posts"}],"about":[{"href":"https:\/\/www.europesays.com\/pt\/wp-json\/wp\/v2\/types\/post"}],"author":[{"embeddable":true,"href":"https:\/\/www.europesays.com\/pt\/wp-json\/wp\/v2\/users\/2"}],"replies":[{"embeddable":true,"href":"https:\/\/www.europesays.com\/pt\/wp-json\/wp\/v2\/comments?post=135160"}],"version-history":[{"count":0,"href":"https:\/\/www.europesays.com\/pt\/wp-json\/wp\/v2\/posts\/135160\/revisions"}],"wp:featuredmedia":[{"embeddable":true,"href":"https:\/\/www.europesays.com\/pt\/wp-json\/wp\/v2\/media\/135161"}],"wp:attachment":[{"href":"https:\/\/www.europesays.com\/pt\/wp-json\/wp\/v2\/media?parent=135160"}],"wp:term":[{"taxonomy":"category","embeddable":true,"href":"https:\/\/www.europesays.com\/pt\/wp-json\/wp\/v2\/categories?post=135160"},{"taxonomy":"post_tag","embeddable":true,"href":"https:\/\/www.europesays.com\/pt\/wp-json\/wp\/v2\/tags?post=135160"}],"curies":[{"name":"wp","href":"https:\/\/api.w.org\/{rel}","templated":true}]}}