{"id":135186,"date":"2025-11-01T10:22:12","date_gmt":"2025-11-01T10:22:12","guid":{"rendered":"https:\/\/www.europesays.com\/pt\/135186\/"},"modified":"2025-11-01T10:22:12","modified_gmt":"2025-11-01T10:22:12","slug":"sob-o-espectro-da-fome-trump-afasta-se-de-um-terceiro-mandato-podcast-fogo-e-furia","status":"publish","type":"post","link":"https:\/\/www.europesays.com\/pt\/135186\/","title":{"rendered":"Sob o espectro da fome, Trump afasta-se de um terceiro mandato | Podcast Fogo e F\u00faria"},"content":{"rendered":"<p>A administra\u00e7\u00e3o p\u00fablica norte-americana continua paralisada desde 1 de Outubro, sem financiamento aprovado pelo Congresso, e estamos a aproximar-nos de um prazo a partir do qual este impasse vai mesmo come\u00e7ar a doer no bolso de milh\u00f5es de norte-americanos. Vouchers alimentares podem come\u00e7ar a falhar no s\u00e1bado. Cidades e estados v\u00e3o a votos na ter\u00e7a-feira.<\/p>\n<p>Subscreva o programa Fogo e F\u00faria na <a href=\"https:\/\/podcasts.apple.com\/pt\/podcast\/fogo-e-f%C3%BAria\/id1338738502\" rel=\"nofollow noopener\" target=\"_blank\">Apple Podcasts<\/a>, <a href=\"https:\/\/open.spotify.com\/show\/2snJ4EVswREMZnt61HKRN7\" rel=\"nofollow noopener\" target=\"_blank\">Spotify<\/a> e <a href=\"https:\/\/podfollow.com\/fogo-furia\/view\" rel=\"nofollow noopener\" target=\"_blank\">outras aplica\u00e7\u00f5es<\/a> para podcasts.<\/p>\n","protected":false},"excerpt":{"rendered":"A administra\u00e7\u00e3o p\u00fablica norte-americana continua paralisada desde 1 de Outubro, sem financiamento aprovado pelo Congresso, e estamos a&hellip;\n","protected":false},"author":2,"featured_media":135187,"comment_status":"","ping_status":"","sticky":false,"template":"","format":"standard","meta":{"footnotes":""},"categories":[50],"tags":[27,28,92,413,15,16,14,25,26,21,22,62,12,13,19,20,30386,11531,23,24,17,18,29,30,31,63,64,65],"class_list":{"0":"post-135186","1":"post","2":"type-post","3":"status-publish","4":"format-standard","5":"has-post-thumbnail","7":"category-mundo","8":"tag-breaking-news","9":"tag-breakingnews","10":"tag-donald-trump","11":"tag-eua","12":"tag-featured-news","13":"tag-featurednews","14":"tag-headlines","15":"tag-latest-news","16":"tag-latestnews","17":"tag-main-news","18":"tag-mainnews","19":"tag-mundo","20":"tag-news","21":"tag-noticias","22":"tag-noticias-principais","23":"tag-noticiasprincipais","24":"tag-podcast-fogo-e-furia","25":"tag-podcasts-publico","26":"tag-principais-noticias","27":"tag-principaisnoticias","28":"tag-top-stories","29":"tag-topstories","30":"tag-ultimas","31":"tag-ultimas-noticias","32":"tag-ultimasnoticias","33":"tag-world","34":"tag-world-news","35":"tag-worldnews"},"share_on_mastodon":{"url":"https:\/\/pubeurope.com\/@pt\/115473949849430321","error":""},"_links":{"self":[{"href":"https:\/\/www.europesays.com\/pt\/wp-json\/wp\/v2\/posts\/135186","targetHints":{"allow":["GET"]}}],"collection":[{"href":"https:\/\/www.europesays.com\/pt\/wp-json\/wp\/v2\/posts"}],"about":[{"href":"https:\/\/www.europesays.com\/pt\/wp-json\/wp\/v2\/types\/post"}],"author":[{"embeddable":true,"href":"https:\/\/www.europesays.com\/pt\/wp-json\/wp\/v2\/users\/2"}],"replies":[{"embeddable":true,"href":"https:\/\/www.europesays.com\/pt\/wp-json\/wp\/v2\/comments?post=135186"}],"version-history":[{"count":0,"href":"https:\/\/www.europesays.com\/pt\/wp-json\/wp\/v2\/posts\/135186\/revisions"}],"wp:featuredmedia":[{"embeddable":true,"href":"https:\/\/www.europesays.com\/pt\/wp-json\/wp\/v2\/media\/135187"}],"wp:attachment":[{"href":"https:\/\/www.europesays.com\/pt\/wp-json\/wp\/v2\/media?parent=135186"}],"wp:term":[{"taxonomy":"category","embeddable":true,"href":"https:\/\/www.europesays.com\/pt\/wp-json\/wp\/v2\/categories?post=135186"},{"taxonomy":"post_tag","embeddable":true,"href":"https:\/\/www.europesays.com\/pt\/wp-json\/wp\/v2\/tags?post=135186"}],"curies":[{"name":"wp","href":"https:\/\/api.w.org\/{rel}","templated":true}]}}