{"id":135194,"date":"2025-11-01T10:32:09","date_gmt":"2025-11-01T10:32:09","guid":{"rendered":"https:\/\/www.europesays.com\/pt\/135194\/"},"modified":"2025-11-01T10:32:09","modified_gmt":"2025-11-01T10:32:09","slug":"novembro-azul-alerta-para-a-saude-do-homem-e-fortalece-a-prevencao-entre-servidores-da-educacao-saedf","status":"publish","type":"post","link":"https:\/\/www.europesays.com\/pt\/135194\/","title":{"rendered":"NOVEMBRO AZUL ALERTA PARA A SA\u00daDE DO HOMEM E FORTALECE A PREVEN\u00c7\u00c3O ENTRE SERVIDORES DA EDUCA\u00c7\u00c3O &#8211; SAEDF"},"content":{"rendered":"<p>O m\u00eas de novembro traz \u00e0 tona um assunto que ainda enfrenta barreiras culturais e informativas: a sa\u00fade do homem. A campanha <strong>Novembro Azul<\/strong>, criada em 2003 na Austr\u00e1lia e difundida globalmente, tem como foco a preven\u00e7\u00e3o e o diagn\u00f3stico precoce do c\u00e2ncer de pr\u00f3stata, o segundo tipo mais comum entre os homens no Brasil, atr\u00e1s apenas do c\u00e2ncer de pele n\u00e3o melanoma. Segundo o Instituto Nacional de C\u00e2ncer (INCA), a estimativa \u00e9 de mais de 70 mil novos casos da doen\u00e7a a cada ano.<\/p>\n<p>No Brasil, o Novembro Azul tamb\u00e9m se tornou uma oportunidade para debater a sa\u00fade integral do homem, incluindo cuidados com a sa\u00fade mental, alimenta\u00e7\u00e3o, atividade f\u00edsica e preven\u00e7\u00e3o de outras doen\u00e7as cr\u00f4nicas. Para os servidores da carreira <strong>Pol\u00edticas P\u00fablicas e Gest\u00e3o Educacional (PPGE)<\/strong>, que atuam diariamente em escolas, regionais e unidades administrativas, esse debate \u00e9 ainda mais urgente.<\/p>\n<p><strong>SA\u00daDE DO TRABALHADOR EM FOCO<\/strong><\/p>\n<p>A rotina intensa dos trabalhadores da educa\u00e7\u00e3o exige aten\u00e7\u00e3o redobrada com o bem-estar f\u00edsico e emocional. Longas jornadas, ambientes escolares desafiadores e ac\u00famulo de fun\u00e7\u00f5es podem impactar diretamente a sa\u00fade. O cuidado preventivo, por sua vez, \u00e9 uma forma de garantir qualidade de vida e longevidade profissional.<\/p>\n<p>Nesse sentido, a <strong>Secretaria de Sa\u00fade do SAE-DF<\/strong> tem papel fundamental. Al\u00e9m de promover a\u00e7\u00f5es de conscientiza\u00e7\u00e3o e preven\u00e7\u00e3o em datas como o Novembro Azul, o setor tamb\u00e9m acolhe den\u00fancias, orienta servidores sobre doen\u00e7as ocupacionais e colabora com a luta por condi\u00e7\u00f5es dignas de trabalho.<\/p>\n<blockquote>\n<p>\u201cA valoriza\u00e7\u00e3o profissional tamb\u00e9m passa pela sa\u00fade. Precisamos romper o tabu e incentivar os colegas, principalmente os homens, a cuidarem de si e buscarem acompanhamento m\u00e9dico regular\u201d, destaca a diretora da Secretaria de Sa\u00fade do SAE-DF,\u00a0 Emanuelle Amoury.<\/p>\n<\/blockquote>\n<p><strong>CUIDADO QUE SALVA VIDAS<\/strong><\/p>\n<p>A principal ferramenta contra o c\u00e2ncer de pr\u00f3stata \u00e9 o <strong>diagn\u00f3stico precoce<\/strong>, feito por meio do exame de toque retal e do exame de sangue PSA. Homens a partir dos 50 anos (ou 45, no caso de hist\u00f3rico familiar) devem fazer o acompanhamento anual com um urologista. A detec\u00e7\u00e3o precoce aumenta em at\u00e9 90% as chances de cura.<\/p>\n<p>A preven\u00e7\u00e3o tamb\u00e9m envolve <strong>h\u00e1bitos saud\u00e1veis<\/strong>, como manter uma alimenta\u00e7\u00e3o equilibrada, praticar atividades f\u00edsicas regulares, reduzir o consumo de \u00e1lcool, abandonar o tabagismo e cuidar da sa\u00fade mental. Esses fatores s\u00e3o igualmente importantes para prevenir outras doen\u00e7as que atingem a popula\u00e7\u00e3o masculina, como hipertens\u00e3o, diabetes e depress\u00e3o.<\/p>\n<p><strong>PPGE TAMB\u00c9M \u00c9 SA\u00daDE<\/strong><\/p>\n<p>A campanha tamb\u00e9m \u00e9 uma oportunidade para refor\u00e7ar o direito \u00e0 sa\u00fade dos trabalhadores da carreira PPGE. Composta por analistas, t\u00e9cnicos, monitores e agentes, a categoria atua em diversas frentes da educa\u00e7\u00e3o p\u00fablica do Distrito Federal, e precisa de suporte adequado para preservar sua integridade f\u00edsica e emocional.<\/p>\n<p>O <strong>SAE-DF reivindica a amplia\u00e7\u00e3o das pol\u00edticas de sa\u00fade do servidor<\/strong>, com foco na preven\u00e7\u00e3o, atendimento especializado e campanhas permanentes de bem-estar. A luta por um ambiente escolar saud\u00e1vel come\u00e7a pelo cuidado com quem faz a educa\u00e7\u00e3o acontecer.<\/p>\n<p><strong>PARTICIPE<\/strong><\/p>\n<p>Durante o m\u00eas de novembro, o SAE-DF vai promover conte\u00fados nas redes sociais com dicas de preven\u00e7\u00e3o, depoimentos, orienta\u00e7\u00f5es m\u00e9dicas e canais de acolhimento. Siga, compartilhe e envie suas d\u00favidas ou sugest\u00f5es \u00e0 nossa Secretaria de Sa\u00fade.<\/p>\n<p>Que tal marcar sua consulta de rotina ainda este m\u00eas?<\/p>\n<p><strong>Vamos juntos quebrar o tabu. Cuidar da sa\u00fade tamb\u00e9m \u00e9 um ato de resist\u00eancia e valoriza\u00e7\u00e3o profissional.<\/strong><\/p>\n<p>\u00a0<\/p>\n","protected":false},"excerpt":{"rendered":"O m\u00eas de novembro traz \u00e0 tona um assunto que ainda enfrenta barreiras culturais e informativas: a sa\u00fade&hellip;\n","protected":false},"author":2,"featured_media":135195,"comment_status":"","ping_status":"","sticky":false,"template":"","format":"standard","meta":{"footnotes":""},"categories":[86],"tags":[2137,116,30387,32,33,117],"class_list":{"0":"post-135194","1":"post","2":"type-post","3":"status-publish","4":"format-standard","5":"has-post-thumbnail","7":"category-saude","8":"tag-cancer-de-prostata","9":"tag-health","10":"tag-novembro-azul","11":"tag-portugal","12":"tag-pt","13":"tag-saude"},"share_on_mastodon":{"url":"https:\/\/pubeurope.com\/@pt\/115473989265025210","error":""},"_links":{"self":[{"href":"https:\/\/www.europesays.com\/pt\/wp-json\/wp\/v2\/posts\/135194","targetHints":{"allow":["GET"]}}],"collection":[{"href":"https:\/\/www.europesays.com\/pt\/wp-json\/wp\/v2\/posts"}],"about":[{"href":"https:\/\/www.europesays.com\/pt\/wp-json\/wp\/v2\/types\/post"}],"author":[{"embeddable":true,"href":"https:\/\/www.europesays.com\/pt\/wp-json\/wp\/v2\/users\/2"}],"replies":[{"embeddable":true,"href":"https:\/\/www.europesays.com\/pt\/wp-json\/wp\/v2\/comments?post=135194"}],"version-history":[{"count":0,"href":"https:\/\/www.europesays.com\/pt\/wp-json\/wp\/v2\/posts\/135194\/revisions"}],"wp:featuredmedia":[{"embeddable":true,"href":"https:\/\/www.europesays.com\/pt\/wp-json\/wp\/v2\/media\/135195"}],"wp:attachment":[{"href":"https:\/\/www.europesays.com\/pt\/wp-json\/wp\/v2\/media?parent=135194"}],"wp:term":[{"taxonomy":"category","embeddable":true,"href":"https:\/\/www.europesays.com\/pt\/wp-json\/wp\/v2\/categories?post=135194"},{"taxonomy":"post_tag","embeddable":true,"href":"https:\/\/www.europesays.com\/pt\/wp-json\/wp\/v2\/tags?post=135194"}],"curies":[{"name":"wp","href":"https:\/\/api.w.org\/{rel}","templated":true}]}}